{"id":4618,"date":"2013-01-01T10:02:21","date_gmt":"2013-01-01T09:02:21","guid":{"rendered":"http:\/\/www.susyrottonara.com\/kulturverein-fanes"},"modified":"2013-01-01T10:02:21","modified_gmt":"2013-01-01T09:02:21","slug":"kulturverein-fanes","status":"publish","type":"post","link":"https:\/\/www.susyrottonara.com\/de\/kulturverein-fanes","title":{"rendered":"Kulturverein Fanes"},"content":{"rendered":"<p style=\"text-align: justify;\"><img decoding=\"async\" src=\"http:\/\/www.susyrottonara.com\/wp-content\/uploads\/2013\/08\/associazione-culturale-fanes.jpg\" alt=\"associazione-culturale-fanes\" width=\"902\" height=\"301\" \/><\/p>\n<p style=\"text-align: justify;\">\n<p style=\"text-align: justify;\">Im Jahr 2006, nach der Produktion des Films <b><span style=\"text-decoration: underline;\">Das Reich der Fanes<\/span><\/b> gr\u00fcndet Susy Rottonara zusammen mit den beiden anderen Autoren des Films Roland Verra und\u00a0 Hans Peter Karbon den Kulturverein Fanes, von dem mehrere Liebhaber der ladinischen Sagen Mitglieder geworden sind.<\/p>\n<p style=\"text-align: justify;\">Die T\u00e4tigkeit des Kulturvereins <em><b>Fanes <\/b><\/em>zielt auf eine lebendige Aufbewahrung der ladinischen Kultur ausgehend von den ladinischen Sagen und Geschichte Ladiniens.<\/p>\n<p style=\"text-align: justify;\">Der <b>Hauptzweck <\/b>dieses Vereins ist die F\u00f6rderung der ladinischen Kultur in Ladinien und ausserhalb der Region durch verschiedene Kunstformen -in erster Linie die filmische, literarische, musikalische, k\u00fcnslerische Produktion- und kulturelle Veranstaltungen durch Mitarbeit mit unterschiedlichen Institutionen wie Universit\u00e4ten, Museen, Bibliotheken, Festivals, Tagungen, Kulturzeitschriften, durch Kontakte mit anderen sprachlichen Minderheiten und Liebhaber der Sagen auf nationaler und internationaler Ebene.<\/p>\n<p>Das Symbol des Kulturvereins <em><b>Fanes <\/b><\/em>ist ein blauer Stern auf silbernem Hintergrund, zur\u00fcckzuf\u00fchren auf das Symbol auf den Schilden der Soldaten von Dolasila in Erinnerung an die Prinzessin und deren Zauberstein Raj\u00ebta. Dieses Symbol soll den Einsatz des Vereins zur Aufbewahrung der Tradition der ladinischen Sagen verdeutlichen.<\/p>\n<p style=\"text-align: justify;\"> <a href=\"http:\/\/fanesfiction.com\"><b>Lies mehr\u2026<\/b><\/a><\/p>\n","protected":false},"excerpt":{"rendered":"<p>Im Jahr 2006, nach der Produktion des Films Das Reich der Fanes gr\u00fcndet Susy Rottonara zusammen mit den beiden anderen Autoren des Films Roland Verra und\u00a0 Hans Peter Karbon den Kulturverein Fanes, von dem mehrere Liebhaber der ladinischen Sagen Mitglieder geworden sind. Die T\u00e4tigkeit des Kulturvereins Fanes zielt auf eine lebendige Aufbewahrung der ladinischen Kultur [&hellip;]<\/p>\n","protected":false},"author":3,"featured_media":1087,"comment_status":"closed","ping_status":"closed","sticky":false,"template":"","format":"standard","meta":{"footnotes":""},"categories":[74],"tags":[],"class_list":["post-4618","post","type-post","status-publish","format-standard","has-post-thumbnail","hentry","category-nulla-de"],"yoast_head":"<!-- This site is optimized with the Yoast SEO plugin v25.8 - https:\/\/yoast.com\/wordpress\/plugins\/seo\/ -->\n<title>Kulturverein Fanes - Susy Rottonara<\/title>\n<meta name=\"robots\" content=\"index, follow, max-snippet:-1, max-image-preview:large, max-video-preview:-1\" \/>\n<link rel=\"canonical\" href=\"https:\/\/www.susyrottonara.com\/de\/kulturverein-fanes\" \/>\n<meta property=\"og:locale\" content=\"de_DE\" \/>\n<meta property=\"og:type\" content=\"article\" \/>\n<meta property=\"og:title\" content=\"Kulturverein Fanes - Susy Rottonara\" \/>\n<meta property=\"og:description\" content=\"Im Jahr 2006, nach der Produktion des Films Das Reich der Fanes gr\u00fcndet Susy Rottonara zusammen mit den beiden anderen Autoren des Films Roland Verra und\u00a0 Hans Peter Karbon den Kulturverein Fanes, von dem mehrere Liebhaber der ladinischen Sagen Mitglieder geworden sind. Die T\u00e4tigkeit des Kulturvereins Fanes zielt auf eine lebendige Aufbewahrung der ladinischen Kultur [&hellip;]\" \/>\n<meta property=\"og:url\" content=\"https:\/\/www.susyrottonara.com\/de\/kulturverein-fanes\" \/>\n<meta property=\"og:site_name\" content=\"Susy Rottonara\" \/>\n<meta property=\"article:published_time\" content=\"2013-01-01T09:02:21+00:00\" \/>\n<meta property=\"og:image\" content=\"https:\/\/www.susyrottonara.com\/wp-content\/uploads\/2013\/04\/Fanes-fini-didattici-1.jpg\" \/>\n\t<meta property=\"og:image:width\" content=\"1050\" \/>\n\t<meta property=\"og:image:height\" content=\"700\" \/>\n\t<meta property=\"og:image:type\" content=\"image\/jpeg\" \/>\n<meta name=\"author\" content=\"ADVstudio.it\" \/>\n<meta name=\"twitter:card\" content=\"summary_large_image\" \/>\n<meta name=\"twitter:label1\" content=\"Verfasst von\" \/>\n\t<meta name=\"twitter:data1\" content=\"ADVstudio.it\" \/>\n\t<meta name=\"twitter:label2\" content=\"Gesch\u00e4tzte Lesezeit\" \/>\n\t<meta name=\"twitter:data2\" content=\"1 minute\" \/>\n<script type=\"application\/ld+json\" class=\"yoast-schema-graph\">{\"@context\":\"https:\/\/schema.org\",\"@graph\":[{\"@type\":\"WebPage\",\"@id\":\"https:\/\/www.susyrottonara.com\/de\/kulturverein-fanes\",\"url\":\"https:\/\/www.susyrottonara.com\/de\/kulturverein-fanes\",\"name\":\"Kulturverein Fanes - Susy Rottonara\",\"isPartOf\":{\"@id\":\"https:\/\/www.susyrottonara.com\/#website\"},\"primaryImageOfPage\":{\"@id\":\"https:\/\/www.susyrottonara.com\/de\/kulturverein-fanes#primaryimage\"},\"image\":{\"@id\":\"https:\/\/www.susyrottonara.com\/de\/kulturverein-fanes#primaryimage\"},\"thumbnailUrl\":\"https:\/\/www.susyrottonara.com\/wp-content\/uploads\/2013\/04\/Fanes-fini-didattici-1.jpg\",\"datePublished\":\"2013-01-01T09:02:21+00:00\",\"author\":{\"@id\":\"https:\/\/www.susyrottonara.com\/#\/schema\/person\/c715f5641b214137cef5e376caae214e\"},\"breadcrumb\":{\"@id\":\"https:\/\/www.susyrottonara.com\/de\/kulturverein-fanes#breadcrumb\"},\"inLanguage\":\"de-DE\",\"potentialAction\":[{\"@type\":\"ReadAction\",\"target\":[\"https:\/\/www.susyrottonara.com\/de\/kulturverein-fanes\"]}]},{\"@type\":\"ImageObject\",\"inLanguage\":\"de-DE\",\"@id\":\"https:\/\/www.susyrottonara.com\/de\/kulturverein-fanes#primaryimage\",\"url\":\"https:\/\/www.susyrottonara.com\/wp-content\/uploads\/2013\/04\/Fanes-fini-didattici-1.jpg\",\"contentUrl\":\"https:\/\/www.susyrottonara.com\/wp-content\/uploads\/2013\/04\/Fanes-fini-didattici-1.jpg\",\"width\":1050,\"height\":700},{\"@type\":\"BreadcrumbList\",\"@id\":\"https:\/\/www.susyrottonara.com\/de\/kulturverein-fanes#breadcrumb\",\"itemListElement\":[{\"@type\":\"ListItem\",\"position\":1,\"name\":\"Home\",\"item\":\"https:\/\/www.susyrottonara.com\/de\"},{\"@type\":\"ListItem\",\"position\":2,\"name\":\"Kulturverein Fanes\"}]},{\"@type\":\"WebSite\",\"@id\":\"https:\/\/www.susyrottonara.com\/#website\",\"url\":\"https:\/\/www.susyrottonara.com\/\",\"name\":\"Susy Rottonara\",\"description\":\"\",\"potentialAction\":[{\"@type\":\"SearchAction\",\"target\":{\"@type\":\"EntryPoint\",\"urlTemplate\":\"https:\/\/www.susyrottonara.com\/?s={search_term_string}\"},\"query-input\":{\"@type\":\"PropertyValueSpecification\",\"valueRequired\":true,\"valueName\":\"search_term_string\"}}],\"inLanguage\":\"de-DE\"},{\"@type\":\"Person\",\"@id\":\"https:\/\/www.susyrottonara.com\/#\/schema\/person\/c715f5641b214137cef5e376caae214e\",\"name\":\"ADVstudio.it\",\"image\":{\"@type\":\"ImageObject\",\"inLanguage\":\"de-DE\",\"@id\":\"https:\/\/www.susyrottonara.com\/#\/schema\/person\/image\/\",\"url\":\"https:\/\/secure.gravatar.com\/avatar\/81343315bb736757eb81d938e3344500c1f5cecbccf523d6f0a63b92a06b6ef5?s=96&d=mm&r=g\",\"contentUrl\":\"https:\/\/secure.gravatar.com\/avatar\/81343315bb736757eb81d938e3344500c1f5cecbccf523d6f0a63b92a06b6ef5?s=96&d=mm&r=g\",\"caption\":\"ADVstudio.it\"},\"sameAs\":[\"http:\/\/www.advstudio.it\"],\"url\":\"https:\/\/www.susyrottonara.com\/de\/author\/advstudio-it\"}]}<\/script>\n<!-- \/ Yoast SEO plugin. -->","yoast_head_json":{"title":"Kulturverein Fanes - Susy Rottonara","robots":{"index":"index","follow":"follow","max-snippet":"max-snippet:-1","max-image-preview":"max-image-preview:large","max-video-preview":"max-video-preview:-1"},"canonical":"https:\/\/www.susyrottonara.com\/de\/kulturverein-fanes","og_locale":"de_DE","og_type":"article","og_title":"Kulturverein Fanes - Susy Rottonara","og_description":"Im Jahr 2006, nach der Produktion des Films Das Reich der Fanes gr\u00fcndet Susy Rottonara zusammen mit den beiden anderen Autoren des Films Roland Verra und\u00a0 Hans Peter Karbon den Kulturverein Fanes, von dem mehrere Liebhaber der ladinischen Sagen Mitglieder geworden sind. Die T\u00e4tigkeit des Kulturvereins Fanes zielt auf eine lebendige Aufbewahrung der ladinischen Kultur [&hellip;]","og_url":"https:\/\/www.susyrottonara.com\/de\/kulturverein-fanes","og_site_name":"Susy Rottonara","article_published_time":"2013-01-01T09:02:21+00:00","og_image":[{"width":1050,"height":700,"url":"https:\/\/www.susyrottonara.com\/wp-content\/uploads\/2013\/04\/Fanes-fini-didattici-1.jpg","type":"image\/jpeg"}],"author":"ADVstudio.it","twitter_card":"summary_large_image","twitter_misc":{"Verfasst von":"ADVstudio.it","Gesch\u00e4tzte Lesezeit":"1 minute"},"schema":{"@context":"https:\/\/schema.org","@graph":[{"@type":"WebPage","@id":"https:\/\/www.susyrottonara.com\/de\/kulturverein-fanes","url":"https:\/\/www.susyrottonara.com\/de\/kulturverein-fanes","name":"Kulturverein Fanes - Susy Rottonara","isPartOf":{"@id":"https:\/\/www.susyrottonara.com\/#website"},"primaryImageOfPage":{"@id":"https:\/\/www.susyrottonara.com\/de\/kulturverein-fanes#primaryimage"},"image":{"@id":"https:\/\/www.susyrottonara.com\/de\/kulturverein-fanes#primaryimage"},"thumbnailUrl":"https:\/\/www.susyrottonara.com\/wp-content\/uploads\/2013\/04\/Fanes-fini-didattici-1.jpg","datePublished":"2013-01-01T09:02:21+00:00","author":{"@id":"https:\/\/www.susyrottonara.com\/#\/schema\/person\/c715f5641b214137cef5e376caae214e"},"breadcrumb":{"@id":"https:\/\/www.susyrottonara.com\/de\/kulturverein-fanes#breadcrumb"},"inLanguage":"de-DE","potentialAction":[{"@type":"ReadAction","target":["https:\/\/www.susyrottonara.com\/de\/kulturverein-fanes"]}]},{"@type":"ImageObject","inLanguage":"de-DE","@id":"https:\/\/www.susyrottonara.com\/de\/kulturverein-fanes#primaryimage","url":"https:\/\/www.susyrottonara.com\/wp-content\/uploads\/2013\/04\/Fanes-fini-didattici-1.jpg","contentUrl":"https:\/\/www.susyrottonara.com\/wp-content\/uploads\/2013\/04\/Fanes-fini-didattici-1.jpg","width":1050,"height":700},{"@type":"BreadcrumbList","@id":"https:\/\/www.susyrottonara.com\/de\/kulturverein-fanes#breadcrumb","itemListElement":[{"@type":"ListItem","position":1,"name":"Home","item":"https:\/\/www.susyrottonara.com\/de"},{"@type":"ListItem","position":2,"name":"Kulturverein Fanes"}]},{"@type":"WebSite","@id":"https:\/\/www.susyrottonara.com\/#website","url":"https:\/\/www.susyrottonara.com\/","name":"Susy Rottonara","description":"","potentialAction":[{"@type":"SearchAction","target":{"@type":"EntryPoint","urlTemplate":"https:\/\/www.susyrottonara.com\/?s={search_term_string}"},"query-input":{"@type":"PropertyValueSpecification","valueRequired":true,"valueName":"search_term_string"}}],"inLanguage":"de-DE"},{"@type":"Person","@id":"https:\/\/www.susyrottonara.com\/#\/schema\/person\/c715f5641b214137cef5e376caae214e","name":"ADVstudio.it","image":{"@type":"ImageObject","inLanguage":"de-DE","@id":"https:\/\/www.susyrottonara.com\/#\/schema\/person\/image\/","url":"https:\/\/secure.gravatar.com\/avatar\/81343315bb736757eb81d938e3344500c1f5cecbccf523d6f0a63b92a06b6ef5?s=96&d=mm&r=g","contentUrl":"https:\/\/secure.gravatar.com\/avatar\/81343315bb736757eb81d938e3344500c1f5cecbccf523d6f0a63b92a06b6ef5?s=96&d=mm&r=g","caption":"ADVstudio.it"},"sameAs":["http:\/\/www.advstudio.it"],"url":"https:\/\/www.susyrottonara.com\/de\/author\/advstudio-it"}]}},"_links":{"self":[{"href":"https:\/\/www.susyrottonara.com\/de\/wp-json\/wp\/v2\/posts\/4618","targetHints":{"allow":["GET"]}}],"collection":[{"href":"https:\/\/www.susyrottonara.com\/de\/wp-json\/wp\/v2\/posts"}],"about":[{"href":"https:\/\/www.susyrottonara.com\/de\/wp-json\/wp\/v2\/types\/post"}],"author":[{"embeddable":true,"href":"https:\/\/www.susyrottonara.com\/de\/wp-json\/wp\/v2\/users\/3"}],"replies":[{"embeddable":true,"href":"https:\/\/www.susyrottonara.com\/de\/wp-json\/wp\/v2\/comments?post=4618"}],"version-history":[{"count":0,"href":"https:\/\/www.susyrottonara.com\/de\/wp-json\/wp\/v2\/posts\/4618\/revisions"}],"wp:featuredmedia":[{"embeddable":true,"href":"https:\/\/www.susyrottonara.com\/de\/wp-json\/wp\/v2\/media\/1087"}],"wp:attachment":[{"href":"https:\/\/www.susyrottonara.com\/de\/wp-json\/wp\/v2\/media?parent=4618"}],"wp:term":[{"taxonomy":"category","embeddable":true,"href":"https:\/\/www.susyrottonara.com\/de\/wp-json\/wp\/v2\/categories?post=4618"},{"taxonomy":"post_tag","embeddable":true,"href":"https:\/\/www.susyrottonara.com\/de\/wp-json\/wp\/v2\/tags?post=4618"}],"curies":[{"name":"wp","href":"https:\/\/api.w.org\/{rel}","templated":true}]}}