{"id":4630,"date":"2013-01-08T10:07:45","date_gmt":"2013-01-08T09:07:45","guid":{"rendered":"http:\/\/www.susyrottonara.com\/fanes-poem-musical-das-musikschauspiel-der-dolomiten"},"modified":"2025-02-21T11:21:02","modified_gmt":"2025-02-21T10:21:02","slug":"fanes-poem-musical-das-musikschauspiel-der-dolomiten","status":"publish","type":"post","link":"https:\/\/www.susyrottonara.com\/de\/fanes-poem-musical-das-musikschauspiel-der-dolomiten","title":{"rendered":"Fanes Poem Musical &#8211; Das Musikschauspiel der Dolomiten"},"content":{"rendered":"<div class=\"fusion-fullwidth fullwidth-box fusion-builder-row-1 nonhundred-percent-fullwidth non-hundred-percent-height-scrolling\" style=\"background-color: rgba(255,255,255,0);background-position: center center;background-repeat: no-repeat;padding-top:0px;padding-right:0px;padding-bottom:0px;padding-left:0px;margin-bottom: 0px;margin-top: 0px;border-width: 0px 0px 0px 0px;border-color:#eae9e9;border-style:solid;\" ><div class=\"fusion-builder-row fusion-row\"><div class=\"fusion-layout-column fusion_builder_column fusion-builder-column-0 fusion_builder_column_1_1 1_1 fusion-one-full fusion-column-first fusion-column-last\" style=\"margin-top:0px;margin-bottom:0px;\"><div class=\"fusion-column-wrapper fusion-flex-column-wrapper-legacy\" style=\"background-position:left top;background-repeat:no-repeat;-webkit-background-size:cover;-moz-background-size:cover;-o-background-size:cover;background-size:cover;padding: 0px 0px 0px 0px;\"><div class=\"fusion-text fusion-text-1\"><h1 style=\"text-align: center;\">Fanes Poem Musical Das Musikschauspiel der Dolomiten<\/h1>\n<h3 style=\"text-align: center;\">Auff\u00fchrung mit dem Orchestra Filarmonica Italiana, aufgenommen von\u00a0 RAI Ladinia<\/h3>\n<\/div><div class=\"fusion-video fusion-youtube fusion-aligncenter\" style=\"max-width:600px;max-height:360px; width:100%\"><div class=\"video-shortcode\"><iframe title=\"YouTube video player 1\" src=\"https:\/\/www.youtube.com\/embed\/IWeXXNqO4OA?wmode=transparent&autoplay=0\" width=\"600\" height=\"360\" allowfullscreen allow=\"autoplay; fullscreen\"><\/iframe><\/div><\/div><div class=\"fusion-text fusion-text-2\"><h2 style=\"text-align: center;\">MUSIK AUS DEM ALBUM DREAMING OF FANES H\u00d6REN- das erste in Ladinisch gesungene Album, das an den Grammy Awards teilgenommen hat<\/h2>\n<h3 style=\"text-align: center;\"><a href=\"https:\/\/open.spotify.com\/intl-it\/album\/2KydPm74mxk2K570XUZl3n\">SPOTIFY\u00a0 \u00a0<\/a><\/h3>\n<h3 style=\"text-align: center;\"><a href=\"https:\/\/music.apple.com\/it\/artist\/susy-rottonara\/351026730\">APPLE\u00a0 MUSIC<\/a><\/h3>\n<h3 style=\"text-align: center;\"><a href=\"https:\/\/www.amazon.com\/Dreaming-of-Fanes\/dp\/B003TVK4EY\">AMAZON<\/a><\/h3>\n<h2 style=\"text-align: center;\"><\/h2>\n<\/div><div class=\"fusion-text fusion-text-3\"><h1 style=\"text-align: center;\"><a href=\"http:\/\/www.susyrottonara.com\/wp-content\/uploads\/2013\/05\/WAMM-Program-2012.pdf\"><span style=\"color: #993366;\">Winner \u2013 Music Production al WOMEN AND MINORITIES IN MEDIA FESTIVAL 2012<\/span><\/a> \u2013Towson University, MARYLAND (USA)<\/h1>\n<p><a href=\"http:\/\/www.susyrottonara.com\/wp-content\/uploads\/2013\/05\/LogoPoemInternet.jpg\"> <img decoding=\"async\" class=\"alignnone size-full wp-image-156\" src=\"http:\/\/www.susyrottonara.com\/wp-content\/uploads\/2013\/05\/fanes-poem-musical.jpg\" alt=\"\" width=\"250\" height=\"104\" \/><\/a><a href=\"http:\/\/www.susyrottonara.com\/wp-content\/uploads\/2013\/05\/LogoPoemInternet.jpg\"><img decoding=\"async\" class=\"alignnone size-medium wp-image-1028\" src=\"http:\/\/www.susyrottonara.com\/wp-content\/uploads\/2013\/04\/PoemBz32-300x199.jpg\" alt=\"\" width=\"300\" height=\"199\" srcset=\"https:\/\/www.susyrottonara.com\/wp-content\/uploads\/2013\/04\/PoemBz32-300x199.jpg 300w, https:\/\/www.susyrottonara.com\/wp-content\/uploads\/2013\/04\/PoemBz32.jpg 800w\" sizes=\"(max-width: 300px) 100vw, 300px\" \/><img decoding=\"async\" class=\"alignnone size-medium wp-image-1017\" src=\"http:\/\/www.susyrottonara.com\/wp-content\/uploads\/2013\/04\/PoemBz21-300x199.jpg\" alt=\"\" width=\"300\" height=\"199\" srcset=\"https:\/\/www.susyrottonara.com\/wp-content\/uploads\/2013\/04\/PoemBz21-300x199.jpg 300w, https:\/\/www.susyrottonara.com\/wp-content\/uploads\/2013\/04\/PoemBz21.jpg 800w\" sizes=\"(max-width: 300px) 100vw, 300px\" \/>\u00a0<\/a><br \/>\nFanes Poem Musical ist <strong>eine experimentale Oper<\/strong> f\u00fcr Sopran, Orchester und Chor komponiert von <strong>Susy Rottonara<\/strong> mit <b>Texten von <\/b><strong>Roland Verra<\/strong>, in der sie als Sopransolistin die Rolle der Hauptdarstellerin der<a href=\"http:\/\/www.susyrottonara.com\/de\/der-film-und-die-sage\"> <span style=\"text-decoration: underline;\">Sage vom Reich der Fanes<\/span><\/a>, Prinzessin Dolasila, spielt.<\/p>\n<p><img decoding=\"async\" class=\"size-medium wp-image-1027 alignleft\" src=\"http:\/\/www.susyrottonara.com\/wp-content\/uploads\/2013\/04\/PoemBz31-300x199.jpg\" alt=\"\" width=\"300\" height=\"199\" srcset=\"https:\/\/www.susyrottonara.com\/wp-content\/uploads\/2013\/04\/PoemBz31-300x199.jpg 300w, https:\/\/www.susyrottonara.com\/wp-content\/uploads\/2013\/04\/PoemBz31.jpg 800w\" sizes=\"(max-width: 300px) 100vw, 300px\" \/>Im <b><i>Fanes Poem Musical<\/i><\/b> wird die Sage von Reich der Fanes mit einer archaisch anmutenden, stellenweise monodischen und dramatischen Musik in einem experimentellen Stil, wo Vergangenheit und Gegenwart, Traum und Wirklichkeit mit den zauberhaften Atmosph\u00e4ren der Sagen verflochten sind.<\/p>\n<p>Teil der im <b><i>Fanes Poem Musical<\/i><\/b> bearbeiteten Musik entstand urspr\u00fcnglich als <a href=\"http:\/\/www.susyrottonara.com\/de\/album-2\"><span style=\"text-decoration: underline;\">Filmmusik<\/span> <\/a>des ladinischen<a href=\"http:\/\/www.susyrottonara.com\/de\/category\/film-de\"><strong> Films <\/strong><b>Le R\u00ebgn de Fanes (Das Reich der Fanes)<\/b>\u00a0<\/a> und wurde am Renderyard Film Festival 2007 in London mit dem ersten Preis f\u00fcr die Filmmusik \u201eBest film music\u201c und am Garden State Film Festival 2008 in Asbury Park (NJ \/ USA) als \u201eBest international score\u201c (Beste internationale Filmmusik) ausgezeichnet.<\/p>\n<p>Au\u00dferdem wurde die Musik von <b><i>Fanes Poem Musical<\/i><\/b> zum ersten Mal in 2009 aufgezeichnet mit einem Arrangement gespielt und gesungen von der Autorin selbst im Album <a href=\"http:\/\/www.susyrottonara.com\/de\/album-2\"><b><i>Dreaming of Fanes<\/i><\/b><\/a><i>,<\/i>\u00a0<i> <\/i><b>das erste in Ladinisch gesungene Album das an den Grammys teilgenommen hat und in der Kategorie Best Album of the Year bei den 53. Grammy Awards gelistet wurde.<\/b><\/p>\n<p><img decoding=\"async\" class=\"size-medium wp-image-1014 alignleft\" src=\"http:\/\/www.susyrottonara.com\/wp-content\/uploads\/2013\/04\/PoemBz18-300x199.jpg\" alt=\"\" width=\"300\" height=\"199\" srcset=\"https:\/\/www.susyrottonara.com\/wp-content\/uploads\/2013\/04\/PoemBz18-300x199.jpg 300w, https:\/\/www.susyrottonara.com\/wp-content\/uploads\/2013\/04\/PoemBz18.jpg 800w\" sizes=\"(max-width: 300px) 100vw, 300px\" \/>Fanes Poem Musical wurde im Jahr der Ernennung der Dolomiten zum Weltnaturerbe vonseiten des UNESCO (2009) komponiert und im selben Jahr fand eine <span style=\"text-decoration: underline;\"><a href=\"http:\/\/www.susyrottonara.com\/de\/veranstaltungen-fur-kinder\">Auff\u00fchrung mit didaktischen Zielsetzungen<\/a> <\/span>statt, in ersten Linie f\u00fcr ein Publikum von Familien mit Kindern.<\/p>\n<p>Im September 2011 wurde die Oper im Stadttheater Bozen mit dem Orchester Filarmonica Italiana aufgef\u00fchrt und erhielt den Ehrenschutz der Stiftung Dolomiten \u2013 UNESCO <a href=\"http:\/\/www.susyrottonara.com\/wp-content\/uploads\/2013\/08\/Fanes-Poem-Musical-im-Stadttheater-Bozen-Pressemitteilung.pdf\">Lies Pressemitteilung <\/a>und <b><span style=\"text-decoration: underline;\"><a href=\"http:\/\/www.susyrottonara.com\/wp-content\/uploads\/2013\/08\/Rezension-Fanes-Poem-Musical-im-Stadttheater-Bozen.pdf\"> Rezension<\/a><\/span><\/b><\/p>\n<p>Bei dieser Gelegenheit wurde die Auff\u00fchrung vom Fernsehen RAI TV Ladina aus Bozen verfilmt und ausgestrahlt.<\/p>\n<p><a href=\"http:\/\/www.susyrottonara.com\/fanes-poem-musical-2\"><strong>Videos<\/strong><\/a><strong> und <a href=\"http:\/\/www.susyrottonara.com\/fanes-poem-musical-al-teatro-comunale-di-bolzano\">Fotos\u00a0von der Auff\u00fchrung\u00a0\u00a0\u00a0\u00a0\u00a0\u00a0\u00a0\u00a0\u00a0\u00a0\u00a0<\/a><a href=\"http:\/\/www.susyrottonara.com\/wp-content\/uploads\/2013\/05\/Loc23_09_2011.pdf\">\u201cPlakat\u201d<\/a> &#8211; <\/strong><a href=\"http:\/\/www.susyrottonara.com\/wp-content\/uploads\/2013\/05\/PDF-Logo.jpg\"><img decoding=\"async\" class=\"alignnone wp-image-1257\" src=\"http:\/\/www.susyrottonara.com\/wp-content\/uploads\/2013\/05\/PDF-Logo.jpg\" alt=\"PDF-Logo\" width=\"30\" height=\"30\" \/><\/a> \u201c<a href=\"http:\/\/www.susyrottonara.com\/wp-content\/uploads\/2013\/05\/PDF23_09_2011_book.pdf\"><strong>Programmbuch<\/strong><\/a><strong>\u201d<\/strong> <a href=\"http:\/\/www.susyrottonara.com\/wp-content\/uploads\/2013\/05\/PDF-Logo.jpg\"><img decoding=\"async\" src=\"http:\/\/www.susyrottonara.com\/wp-content\/uploads\/2013\/05\/PDF-Logo.jpg\" alt=\"PDF-Logo\" width=\"30\" height=\"30\" \/><\/a><\/p>\n<p>Am 30. M\u00e4rz 2012 wurde das Musikschauspiel mit dem <strong>ersten Preis<\/strong> in der Kategorie <strong>music \u2013 production am <a href=\"http:\/\/www.susyrottonara.com\/wp-content\/uploads\/2013\/05\/WAMM-Program-2012.pdf\">Women and Minorities in Media Festival<\/a><\/strong> am Towson University College -Maryland (USA)- ausgezeichnet.<\/p>\n<p>Im Februar 2013 wird <i>Fanes Poem Musical<\/i> einer der 10 Sieger beim Wettbewerb von Ideen und Projekten zur Bewerbung von Bozen mit Venedig und dem Nordosten als Kulturhauptstadt Europas 2019.<\/p>\n<\/div><div class=\"fusion-video fusion-youtube fusion-aligncenter\" style=\"max-width:600px;max-height:360px; width:100%\"><div class=\"video-shortcode\"><iframe title=\"YouTube video player 2\" src=\"https:\/\/www.youtube.com\/embed\/piX-t7VqR80?wmode=transparent&autoplay=0\" width=\"600\" height=\"360\" allowfullscreen allow=\"autoplay; fullscreen\"><\/iframe><\/div><\/div><div class=\"fusion-text fusion-text-4\"><h2 style=\"text-align: center;\"><a href=\"https:\/\/www.susyrottonara.com\/de\/fanes-poem-musical-im-stadttheater-bozen\">FOTO GALLERY FANES POEM MUSICAL<\/a><\/h2>\n<\/div><div class=\"fusion-text fusion-text-5\"><h2 style=\"text-align: center;\">MUSIKPRODUKTIONEN IN DEN ORIGINALEN ORTEN DER LADINISCHEN SAGEN DER DOLOMITEN<\/h2>\n<h3 style=\"text-align: center;\">Trailer von <em>Fanes Poem Musical <\/em>mit didaktische Zielsetzungen, ausgestrahlt von RAI Ladinia Fernsehen<\/h3>\n<h3 style=\"text-align: center;\">Auff\u00fchrung anl\u00e4\u00dflich der Ernennung der Dolomiten zum Weltnaturerbe vonseiten des UNESCO<\/h3>\n<\/div><div class=\"fusion-video fusion-youtube fusion-aligncenter\" style=\"max-width:600px;max-height:360px; width:100%\"><div class=\"video-shortcode\"><iframe title=\"YouTube video player 3\" src=\"https:\/\/www.youtube.com\/embed\/x3dQoiBShuc?wmode=transparent&autoplay=0\" width=\"600\" height=\"360\" allowfullscreen allow=\"autoplay; fullscreen\"><\/iframe><\/div><\/div><div class=\"fusion-text fusion-text-6\"><h2 style=\"text-align: center;\"><a href=\"https:\/\/www.susyrottonara.com\/de\/fanes-poem-musical-mit-didaktischen-zielsetzungen\">FOTO GALLERY<\/a><\/h2>\n<\/div><div class=\"fusion-text fusion-text-7\"><h3>DIDAKTISCHES MATERIAL AUS\u00a0 FANES POEM MUSICAL IN DEN ORTEN DER LADINISCHEN SAGEN<\/h3>\n<h3>Ladinisches Schulamt &#8211; Lia culturala Fanes<\/h3>\n<p><img decoding=\"async\" class=\"alignleft wp-image-10544 size-medium\" src=\"https:\/\/www.susyrottonara.com\/wp-content\/uploads\/Fanes-Lijenda-y-Poem-IPL-2010-1-210x300.jpg\" alt=\"\" width=\"210\" height=\"300\" srcset=\"https:\/\/www.susyrottonara.com\/wp-content\/uploads\/\/Fanes-Lijenda-y-Poem-IPL-2010-1-105x150.jpg 105w, https:\/\/www.susyrottonara.com\/wp-content\/uploads\/\/Fanes-Lijenda-y-Poem-IPL-2010-1-200x286.jpg 200w, https:\/\/www.susyrottonara.com\/wp-content\/uploads\/\/Fanes-Lijenda-y-Poem-IPL-2010-1-210x300.jpg 210w, https:\/\/www.susyrottonara.com\/wp-content\/uploads\/\/Fanes-Lijenda-y-Poem-IPL-2010-1-400x573.jpg 400w, https:\/\/www.susyrottonara.com\/wp-content\/uploads\/\/Fanes-Lijenda-y-Poem-IPL-2010-1-600x859.jpg 600w, https:\/\/www.susyrottonara.com\/wp-content\/uploads\/\/Fanes-Lijenda-y-Poem-IPL-2010-1-715x1024.jpg 715w, https:\/\/www.susyrottonara.com\/wp-content\/uploads\/\/Fanes-Lijenda-y-Poem-IPL-2010-1-768x1099.jpg 768w, https:\/\/www.susyrottonara.com\/wp-content\/uploads\/\/Fanes-Lijenda-y-Poem-IPL-2010-1-800x1145.jpg 800w, https:\/\/www.susyrottonara.com\/wp-content\/uploads\/\/Fanes-Lijenda-y-Poem-IPL-2010-1-1073x1536.jpg 1073w, https:\/\/www.susyrottonara.com\/wp-content\/uploads\/\/Fanes-Lijenda-y-Poem-IPL-2010-1-1200x1718.jpg 1200w, https:\/\/www.susyrottonara.com\/wp-content\/uploads\/\/Fanes-Lijenda-y-Poem-IPL-2010-1-1431x2048.jpg 1431w, https:\/\/www.susyrottonara.com\/wp-content\/uploads\/Fanes-Lijenda-y-Poem-IPL-2010-1-scaled.jpg 1788w\" sizes=\"(max-width: 210px) 100vw, 210px\" \/><\/p>\n<p><img decoding=\"async\" class=\"alignnone wp-image-10547 size-medium\" src=\"https:\/\/www.susyrottonara.com\/wp-content\/uploads\/Fanes-Poem-Musical-CD-e-libretto-IPL-200x300.jpg\" alt=\"\" width=\"200\" height=\"300\" srcset=\"https:\/\/www.susyrottonara.com\/wp-content\/uploads\/\/Fanes-Poem-Musical-CD-e-libretto-IPL-100x150.jpg 100w, https:\/\/www.susyrottonara.com\/wp-content\/uploads\/\/Fanes-Poem-Musical-CD-e-libretto-IPL-200x300.jpg 200w, https:\/\/www.susyrottonara.com\/wp-content\/uploads\/\/Fanes-Poem-Musical-CD-e-libretto-IPL-400x600.jpg 400w, https:\/\/www.susyrottonara.com\/wp-content\/uploads\/\/Fanes-Poem-Musical-CD-e-libretto-IPL-600x900.jpg 600w, https:\/\/www.susyrottonara.com\/wp-content\/uploads\/\/Fanes-Poem-Musical-CD-e-libretto-IPL-683x1024.jpg 683w, https:\/\/www.susyrottonara.com\/wp-content\/uploads\/\/Fanes-Poem-Musical-CD-e-libretto-IPL-768x1151.jpg 768w, https:\/\/www.susyrottonara.com\/wp-content\/uploads\/\/Fanes-Poem-Musical-CD-e-libretto-IPL-800x1199.jpg 800w, https:\/\/www.susyrottonara.com\/wp-content\/uploads\/\/Fanes-Poem-Musical-CD-e-libretto-IPL-1025x1536.jpg 1025w, https:\/\/www.susyrottonara.com\/wp-content\/uploads\/\/Fanes-Poem-Musical-CD-e-libretto-IPL-1200x1799.jpg 1200w, https:\/\/www.susyrottonara.com\/wp-content\/uploads\/\/Fanes-Poem-Musical-CD-e-libretto-IPL-1366x2048.jpg 1366w, https:\/\/www.susyrottonara.com\/wp-content\/uploads\/Fanes-Poem-Musical-CD-e-libretto-IPL-scaled.jpg 1708w\" sizes=\"(max-width: 200px) 100vw, 200px\" \/><\/p>\n<\/div><div class=\"fusion-clearfix\"><\/div><\/div><\/div><\/div><\/div>\n","protected":false},"excerpt":{"rendered":"","protected":false},"author":3,"featured_media":1757,"comment_status":"closed","ping_status":"closed","sticky":false,"template":"","format":"standard","meta":{"footnotes":""},"categories":[52],"tags":[],"class_list":["post-4630","post","type-post","status-publish","format-standard","has-post-thumbnail","hentry","category-musikproduktion"],"yoast_head":"<!-- This site is optimized with the Yoast SEO plugin v25.8 - https:\/\/yoast.com\/wordpress\/plugins\/seo\/ -->\n<title>Fanes Poem Musical - Das Musikschauspiel der Dolomiten - Susy Rottonara<\/title>\n<meta name=\"robots\" content=\"index, follow, max-snippet:-1, max-image-preview:large, max-video-preview:-1\" \/>\n<link rel=\"canonical\" href=\"https:\/\/www.susyrottonara.com\/de\/fanes-poem-musical-das-musikschauspiel-der-dolomiten\" \/>\n<meta property=\"og:locale\" content=\"de_DE\" \/>\n<meta property=\"og:type\" content=\"article\" \/>\n<meta property=\"og:title\" content=\"Fanes Poem Musical - Das Musikschauspiel der Dolomiten - Susy Rottonara\" \/>\n<meta property=\"og:url\" content=\"https:\/\/www.susyrottonara.com\/de\/fanes-poem-musical-das-musikschauspiel-der-dolomiten\" \/>\n<meta property=\"og:site_name\" content=\"Susy Rottonara\" \/>\n<meta property=\"article:published_time\" content=\"2013-01-08T09:07:45+00:00\" \/>\n<meta property=\"article:modified_time\" content=\"2025-02-21T10:21:02+00:00\" \/>\n<meta property=\"og:image\" content=\"https:\/\/www.susyrottonara.com\/wp-content\/uploads\/2013\/01\/PoemBz32.jpg\" \/>\n\t<meta property=\"og:image:width\" content=\"800\" \/>\n\t<meta property=\"og:image:height\" content=\"533\" \/>\n\t<meta property=\"og:image:type\" content=\"image\/jpeg\" \/>\n<meta name=\"author\" content=\"ADVstudio.it\" \/>\n<meta name=\"twitter:card\" content=\"summary_large_image\" \/>\n<meta name=\"twitter:label1\" content=\"Verfasst von\" \/>\n\t<meta name=\"twitter:data1\" content=\"ADVstudio.it\" \/>\n\t<meta name=\"twitter:label2\" content=\"Gesch\u00e4tzte Lesezeit\" \/>\n\t<meta name=\"twitter:data2\" content=\"7 minutes\" \/>\n<script type=\"application\/ld+json\" class=\"yoast-schema-graph\">{\"@context\":\"https:\/\/schema.org\",\"@graph\":[{\"@type\":\"WebPage\",\"@id\":\"https:\/\/www.susyrottonara.com\/de\/fanes-poem-musical-das-musikschauspiel-der-dolomiten\",\"url\":\"https:\/\/www.susyrottonara.com\/de\/fanes-poem-musical-das-musikschauspiel-der-dolomiten\",\"name\":\"Fanes Poem Musical - Das Musikschauspiel der Dolomiten - Susy Rottonara\",\"isPartOf\":{\"@id\":\"https:\/\/www.susyrottonara.com\/#website\"},\"primaryImageOfPage\":{\"@id\":\"https:\/\/www.susyrottonara.com\/de\/fanes-poem-musical-das-musikschauspiel-der-dolomiten#primaryimage\"},\"image\":{\"@id\":\"https:\/\/www.susyrottonara.com\/de\/fanes-poem-musical-das-musikschauspiel-der-dolomiten#primaryimage\"},\"thumbnailUrl\":\"https:\/\/www.susyrottonara.com\/wp-content\/uploads\/2013\/01\/PoemBz32.jpg\",\"datePublished\":\"2013-01-08T09:07:45+00:00\",\"dateModified\":\"2025-02-21T10:21:02+00:00\",\"author\":{\"@id\":\"https:\/\/www.susyrottonara.com\/#\/schema\/person\/c715f5641b214137cef5e376caae214e\"},\"breadcrumb\":{\"@id\":\"https:\/\/www.susyrottonara.com\/de\/fanes-poem-musical-das-musikschauspiel-der-dolomiten#breadcrumb\"},\"inLanguage\":\"de-DE\",\"potentialAction\":[{\"@type\":\"ReadAction\",\"target\":[\"https:\/\/www.susyrottonara.com\/de\/fanes-poem-musical-das-musikschauspiel-der-dolomiten\"]}]},{\"@type\":\"ImageObject\",\"inLanguage\":\"de-DE\",\"@id\":\"https:\/\/www.susyrottonara.com\/de\/fanes-poem-musical-das-musikschauspiel-der-dolomiten#primaryimage\",\"url\":\"https:\/\/www.susyrottonara.com\/wp-content\/uploads\/2013\/01\/PoemBz32.jpg\",\"contentUrl\":\"https:\/\/www.susyrottonara.com\/wp-content\/uploads\/2013\/01\/PoemBz32.jpg\",\"width\":800,\"height\":533},{\"@type\":\"BreadcrumbList\",\"@id\":\"https:\/\/www.susyrottonara.com\/de\/fanes-poem-musical-das-musikschauspiel-der-dolomiten#breadcrumb\",\"itemListElement\":[{\"@type\":\"ListItem\",\"position\":1,\"name\":\"Home\",\"item\":\"https:\/\/www.susyrottonara.com\/de\"},{\"@type\":\"ListItem\",\"position\":2,\"name\":\"Fanes Poem Musical &#8211; Das Musikschauspiel der Dolomiten\"}]},{\"@type\":\"WebSite\",\"@id\":\"https:\/\/www.susyrottonara.com\/#website\",\"url\":\"https:\/\/www.susyrottonara.com\/\",\"name\":\"Susy Rottonara\",\"description\":\"\",\"potentialAction\":[{\"@type\":\"SearchAction\",\"target\":{\"@type\":\"EntryPoint\",\"urlTemplate\":\"https:\/\/www.susyrottonara.com\/?s={search_term_string}\"},\"query-input\":{\"@type\":\"PropertyValueSpecification\",\"valueRequired\":true,\"valueName\":\"search_term_string\"}}],\"inLanguage\":\"de-DE\"},{\"@type\":\"Person\",\"@id\":\"https:\/\/www.susyrottonara.com\/#\/schema\/person\/c715f5641b214137cef5e376caae214e\",\"name\":\"ADVstudio.it\",\"image\":{\"@type\":\"ImageObject\",\"inLanguage\":\"de-DE\",\"@id\":\"https:\/\/www.susyrottonara.com\/#\/schema\/person\/image\/\",\"url\":\"https:\/\/secure.gravatar.com\/avatar\/81343315bb736757eb81d938e3344500c1f5cecbccf523d6f0a63b92a06b6ef5?s=96&d=mm&r=g\",\"contentUrl\":\"https:\/\/secure.gravatar.com\/avatar\/81343315bb736757eb81d938e3344500c1f5cecbccf523d6f0a63b92a06b6ef5?s=96&d=mm&r=g\",\"caption\":\"ADVstudio.it\"},\"sameAs\":[\"http:\/\/www.advstudio.it\"],\"url\":\"https:\/\/www.susyrottonara.com\/de\/author\/advstudio-it\"}]}<\/script>\n<!-- \/ Yoast SEO plugin. -->","yoast_head_json":{"title":"Fanes Poem Musical - Das Musikschauspiel der Dolomiten - Susy Rottonara","robots":{"index":"index","follow":"follow","max-snippet":"max-snippet:-1","max-image-preview":"max-image-preview:large","max-video-preview":"max-video-preview:-1"},"canonical":"https:\/\/www.susyrottonara.com\/de\/fanes-poem-musical-das-musikschauspiel-der-dolomiten","og_locale":"de_DE","og_type":"article","og_title":"Fanes Poem Musical - Das Musikschauspiel der Dolomiten - Susy Rottonara","og_url":"https:\/\/www.susyrottonara.com\/de\/fanes-poem-musical-das-musikschauspiel-der-dolomiten","og_site_name":"Susy Rottonara","article_published_time":"2013-01-08T09:07:45+00:00","article_modified_time":"2025-02-21T10:21:02+00:00","og_image":[{"width":800,"height":533,"url":"https:\/\/www.susyrottonara.com\/wp-content\/uploads\/2013\/01\/PoemBz32.jpg","type":"image\/jpeg"}],"author":"ADVstudio.it","twitter_card":"summary_large_image","twitter_misc":{"Verfasst von":"ADVstudio.it","Gesch\u00e4tzte Lesezeit":"7 minutes"},"schema":{"@context":"https:\/\/schema.org","@graph":[{"@type":"WebPage","@id":"https:\/\/www.susyrottonara.com\/de\/fanes-poem-musical-das-musikschauspiel-der-dolomiten","url":"https:\/\/www.susyrottonara.com\/de\/fanes-poem-musical-das-musikschauspiel-der-dolomiten","name":"Fanes Poem Musical - Das Musikschauspiel der Dolomiten - Susy Rottonara","isPartOf":{"@id":"https:\/\/www.susyrottonara.com\/#website"},"primaryImageOfPage":{"@id":"https:\/\/www.susyrottonara.com\/de\/fanes-poem-musical-das-musikschauspiel-der-dolomiten#primaryimage"},"image":{"@id":"https:\/\/www.susyrottonara.com\/de\/fanes-poem-musical-das-musikschauspiel-der-dolomiten#primaryimage"},"thumbnailUrl":"https:\/\/www.susyrottonara.com\/wp-content\/uploads\/2013\/01\/PoemBz32.jpg","datePublished":"2013-01-08T09:07:45+00:00","dateModified":"2025-02-21T10:21:02+00:00","author":{"@id":"https:\/\/www.susyrottonara.com\/#\/schema\/person\/c715f5641b214137cef5e376caae214e"},"breadcrumb":{"@id":"https:\/\/www.susyrottonara.com\/de\/fanes-poem-musical-das-musikschauspiel-der-dolomiten#breadcrumb"},"inLanguage":"de-DE","potentialAction":[{"@type":"ReadAction","target":["https:\/\/www.susyrottonara.com\/de\/fanes-poem-musical-das-musikschauspiel-der-dolomiten"]}]},{"@type":"ImageObject","inLanguage":"de-DE","@id":"https:\/\/www.susyrottonara.com\/de\/fanes-poem-musical-das-musikschauspiel-der-dolomiten#primaryimage","url":"https:\/\/www.susyrottonara.com\/wp-content\/uploads\/2013\/01\/PoemBz32.jpg","contentUrl":"https:\/\/www.susyrottonara.com\/wp-content\/uploads\/2013\/01\/PoemBz32.jpg","width":800,"height":533},{"@type":"BreadcrumbList","@id":"https:\/\/www.susyrottonara.com\/de\/fanes-poem-musical-das-musikschauspiel-der-dolomiten#breadcrumb","itemListElement":[{"@type":"ListItem","position":1,"name":"Home","item":"https:\/\/www.susyrottonara.com\/de"},{"@type":"ListItem","position":2,"name":"Fanes Poem Musical &#8211; Das Musikschauspiel der Dolomiten"}]},{"@type":"WebSite","@id":"https:\/\/www.susyrottonara.com\/#website","url":"https:\/\/www.susyrottonara.com\/","name":"Susy Rottonara","description":"","potentialAction":[{"@type":"SearchAction","target":{"@type":"EntryPoint","urlTemplate":"https:\/\/www.susyrottonara.com\/?s={search_term_string}"},"query-input":{"@type":"PropertyValueSpecification","valueRequired":true,"valueName":"search_term_string"}}],"inLanguage":"de-DE"},{"@type":"Person","@id":"https:\/\/www.susyrottonara.com\/#\/schema\/person\/c715f5641b214137cef5e376caae214e","name":"ADVstudio.it","image":{"@type":"ImageObject","inLanguage":"de-DE","@id":"https:\/\/www.susyrottonara.com\/#\/schema\/person\/image\/","url":"https:\/\/secure.gravatar.com\/avatar\/81343315bb736757eb81d938e3344500c1f5cecbccf523d6f0a63b92a06b6ef5?s=96&d=mm&r=g","contentUrl":"https:\/\/secure.gravatar.com\/avatar\/81343315bb736757eb81d938e3344500c1f5cecbccf523d6f0a63b92a06b6ef5?s=96&d=mm&r=g","caption":"ADVstudio.it"},"sameAs":["http:\/\/www.advstudio.it"],"url":"https:\/\/www.susyrottonara.com\/de\/author\/advstudio-it"}]}},"_links":{"self":[{"href":"https:\/\/www.susyrottonara.com\/de\/wp-json\/wp\/v2\/posts\/4630","targetHints":{"allow":["GET"]}}],"collection":[{"href":"https:\/\/www.susyrottonara.com\/de\/wp-json\/wp\/v2\/posts"}],"about":[{"href":"https:\/\/www.susyrottonara.com\/de\/wp-json\/wp\/v2\/types\/post"}],"author":[{"embeddable":true,"href":"https:\/\/www.susyrottonara.com\/de\/wp-json\/wp\/v2\/users\/3"}],"replies":[{"embeddable":true,"href":"https:\/\/www.susyrottonara.com\/de\/wp-json\/wp\/v2\/comments?post=4630"}],"version-history":[{"count":7,"href":"https:\/\/www.susyrottonara.com\/de\/wp-json\/wp\/v2\/posts\/4630\/revisions"}],"predecessor-version":[{"id":10554,"href":"https:\/\/www.susyrottonara.com\/de\/wp-json\/wp\/v2\/posts\/4630\/revisions\/10554"}],"wp:featuredmedia":[{"embeddable":true,"href":"https:\/\/www.susyrottonara.com\/de\/wp-json\/wp\/v2\/media\/1757"}],"wp:attachment":[{"href":"https:\/\/www.susyrottonara.com\/de\/wp-json\/wp\/v2\/media?parent=4630"}],"wp:term":[{"taxonomy":"category","embeddable":true,"href":"https:\/\/www.susyrottonara.com\/de\/wp-json\/wp\/v2\/categories?post=4630"},{"taxonomy":"post_tag","embeddable":true,"href":"https:\/\/www.susyrottonara.com\/de\/wp-json\/wp\/v2\/tags?post=4630"}],"curies":[{"name":"wp","href":"https:\/\/api.w.org\/{rel}","templated":true}]}}