{"id":4690,"date":"2013-06-03T14:41:40","date_gmt":"2013-06-03T12:41:40","guid":{"rendered":"http:\/\/www.susyrottonara.com\/der-film-und-die-sage"},"modified":"2019-03-08T12:07:47","modified_gmt":"2019-03-08T11:07:47","slug":"der-film-und-die-sage","status":"publish","type":"post","link":"https:\/\/www.susyrottonara.com\/de\/der-film-und-die-sage","title":{"rendered":"Der Film und die Sage"},"content":{"rendered":"<div class=\"fusion-fullwidth fullwidth-box fusion-builder-row-1 nonhundred-percent-fullwidth non-hundred-percent-height-scrolling\" style=\"background-color: rgba(255,255,255,0);background-position: center center;background-repeat: no-repeat;padding-top:0px;padding-right:0px;padding-bottom:0px;padding-left:0px;margin-bottom: 0px;margin-top: 0px;border-width: 0px 0px 0px 0px;border-color:#eae9e9;border-style:solid;\" ><div class=\"fusion-builder-row fusion-row\"><div class=\"fusion-layout-column fusion_builder_column fusion-builder-column-0 fusion_builder_column_1_1 1_1 fusion-one-full fusion-column-first fusion-column-last\" style=\"margin-top:0px;margin-bottom:0px;\"><div class=\"fusion-column-wrapper fusion-flex-column-wrapper-legacy\" style=\"background-position:left top;background-repeat:no-repeat;-webkit-background-size:cover;-moz-background-size:cover;-o-background-size:cover;background-size:cover;padding: 0px 0px 0px 0px;\"><div class=\"fusion-text fusion-text-1\"><p>Das Reich der Fanes\u00a0 ist auf einem B\u00fcndnis mit den Murmeltieren gegr\u00fcndet, das von einer <strong>Fanesk\u00f6nigin<\/strong> ihrem fremden Ehemann, der seinerseits ein B\u00fcndnis mit dem Flammenadler schlie\u00dft, verschwiegen wird. Die Fanesk\u00f6nigin gebiert zwei Zwillinge, <strong>Dolasila und Lujanta<\/strong>, von denen Lujanta den Murmeltieren als Pfand des B\u00fcndnisses \u00fcbergeben wird. Die K\u00f6nigin bekommt in Gegenzug ein kleines Murmeltier von ihren Verb\u00fcndeten. Auch der <strong>Fanesk\u00f6nig<\/strong> soll dem Flammenadler eines seiner Erben \u00fcbergeben, und der Adler nimmt das kleine Murmeltier, das die Fanesk\u00f6nigin heimlich an die Stelle von Lujanta gesetzt hatte.<\/p>\n<p><a href=\"http:\/\/www.susyrottonara.com\/wp-content\/uploads\/2013\/05\/il-film-e-la-leggenda-2.jpg\"><img decoding=\"async\" class=\"alignnone wp-image-711\" src=\"http:\/\/www.susyrottonara.com\/wp-content\/uploads\/2013\/05\/il-film-e-la-leggenda-2.jpg\" alt=\"il-film-e-la-leggenda-2\" width=\"600\" height=\"150\" srcset=\"https:\/\/www.susyrottonara.com\/wp-content\/uploads\/2013\/05\/il-film-e-la-leggenda-2-300x75.jpg 300w, https:\/\/www.susyrottonara.com\/wp-content\/uploads\/2013\/05\/il-film-e-la-leggenda-2.jpg 800w\" sizes=\"(max-width: 600px) 100vw, 600px\" \/><\/a><\/p>\n<p>Auf dem Weg vom Nuvolau zur\u00fcck zum Fanesschloss begegnet der vom Fanesk\u00f6nig zum Flammenadler geschickte Knecht dem Zauberer <strong>Spina de Mul<\/strong>, der die Gestalt eines halbverwesenen Maulesels annimmt. Es erscheint der junge Prinz der Durannen <strong>Ey de Net<\/strong>, der Spina de Mul mit einem Stein verletzt und die vom Zauberer im Kampf verlorene wertvolle Raj\u00ebta der kleinen Dolasila schenkt. Es vergehen mehrere Jahre und der Fanesk\u00f6nig beschlie\u00dft, mit Dolasila und einer Gruppe Soldaten auf die Suche des Schatzes des <strong>Silbersees<\/strong> zu gehen. Die Soldaten finden ein St\u00fcck Hermelinsfell und graues Pulver in einer kleinen Schachtel und sogleich erscheinen drei Zwerge, die sie um die R\u00fcckgabe der Schachtel bitten. Dolasila erbarmt sich der Zwerge und erf\u00fcllt deren Bitte, sodass sie ihr das Geheimnis der &#8220;Bl\u00fcte des Schatzes&#8221; offenbaren. Dolasila soll das graue Pulver ins Wasser werfen und au\u00dferdem aus dem Hermelinspelz einen Panzer verferti gen lassen, da sie eine gro\u00dfe K\u00e4mpferin werden wird. Bei einer Farbver\u00e4nderung des Hermelinfells soll sie aber nie k\u00e4mpfen, da ihr dann ein gro\u00dfes Ungl\u00fcck bevorstehe.<\/p>\n<p><a href=\"http:\/\/www.susyrottonara.com\/wp-content\/uploads\/2013\/06\/prova.jpg\"><img decoding=\"async\" class=\"alignnone wp-image-1808\" src=\"http:\/\/www.susyrottonara.com\/wp-content\/uploads\/2013\/06\/prova.jpg\" alt=\"prova\" width=\"600\" srcset=\"https:\/\/www.susyrottonara.com\/wp-content\/uploads\/2013\/06\/prova-300x75.jpg 300w, https:\/\/www.susyrottonara.com\/wp-content\/uploads\/2013\/06\/prova.jpg 800w\" sizes=\"(max-width: 800px) 100vw, 800px\" \/><\/a><\/p>\n<p>Dolasila wird zum Kampf erzogen und erh\u00e4lt aus dem Schatz des Silbersees unfehlbare silberne Pfeile, durch die sie ihrem Volk bei vielen Schlachten den Sieg verschafft, sodass sie als &#8220;Stern&#8221; der Fanes gekr\u00f6nt wird. Dolasila tr\u00e4umt von einem von ihr get\u00f6teten Soldaten, dem Prinz der Cajutes, der in einer Schlacht ihre Aufmerksamkeit durch einen Mohnblumenstrau\u00df auf dem Helm auf sich gelenkt hatte, der sie mahnt, den Kampf mit verzauberten Waffen aufzugeben.Jedoch l\u00e4sst sich der Fanesk\u00f6nig von seiner Eroberungsgier nicht abbringen und zwingt Dolasila, weiter zu k\u00e4mpfen. Inzwischen hetzt Spina de Mul mehrere V\u00f6lker zum Kampf gegen die Fanes auf und sucht Ey de Net auf, dem er vorschl\u00e4gt, sich Dolasila waffenlos anzun\u00e4hern und sie aus dem Kampf zu f\u00fchren, damit sie ihre unfehlbaren Pfeile nicht abschie\u00dfen k\u00f6nne. Jedoch betr\u00fcgt der b\u00f6se Zauberer Ey de Net und verletzt Dolasila mit einem verzauberten Pfeil in der <strong>Schlacht von Fiames<\/strong>. Ey de Net begibt sich auf die Suche der m\u00e4chtigen Hexe <strong>Zicuta<\/strong>, die ihm empfiehlt, sich von den Latemar-Zwergen einen Schild zum Schutz Dolasilas verfertigen zu lassen, der so schwer sein soll, dass niemand au\u00dfer ihm es tragen kann.<\/p>\n<p><a href=\"http:\/\/www.susyrottonara.com\/wp-content\/uploads\/2013\/05\/il-film-e-la-leggenda-4.jpg\"><img decoding=\"async\" class=\"alignnone wp-image-709\" src=\"http:\/\/www.susyrottonara.com\/wp-content\/uploads\/2013\/05\/il-film-e-la-leggenda-4.jpg\" alt=\"il-film-e-la-leggenda-4\" width=\"600\" height=\"150\" srcset=\"https:\/\/www.susyrottonara.com\/wp-content\/uploads\/2013\/05\/il-film-e-la-leggenda-4-300x75.jpg 300w, https:\/\/www.susyrottonara.com\/wp-content\/uploads\/2013\/05\/il-film-e-la-leggenda-4.jpg 800w\" sizes=\"(max-width: 600px) 100vw, 600px\" \/><\/a><\/p>\n<p>Dolasilas Verletzung wird bald geheilt und der Fanesk\u00f6nig beauftragt die Latemar-Zwerge, einen Schild zu verfertigen, der seine Tochter auch vor verzauberten Waffen sch\u00fctzen soll, und die Zwerge glauben, dass es sich um denselben Schild Ey de Nets handle. Als der Schild ins Fanesschloss gebracht wird, ist niemand imstande ihn zu tragen, und als es Ey de Net, der sich als einfacher Soldat vorgestellt hatte, es schafft, wird er sofort in das Gefolge Dolasilas aufgenommen. Nach mehreren gemeinsam gek\u00e4mpften Schlachten bittet Ey de Net den Fanesk\u00f6nig um Dolasilas Hand, sodass der Fanesk\u00f6nig, ausser sich vor Zorn, Ey de Net des Landes verweist. Dolasila weigert sich, ohne ihren Geliebten an neuen K\u00e4mpfen teilzunehmen. Der Fanesk\u00f6nig betr\u00fcgt dann sein eigenes Volk indem er ein B\u00fcndnis mit den feindlichen Cajutes eingeht um die Sch\u00e4tze von <strong>Aurona<\/strong> von erobern und sie \u00fcberzeugt, samt deren Verb\u00fcndeten den Fanes Krieg zu erkl\u00e4ren, indem er ihnen verspricht, dass Dolasila an der Schlacht nicht teilnehmen wird, aufgrund ihres Versprechens an Ey de Net. Trotzdem kommt Dolasila ihrem Volk zu Hilfe um es vor der Niederlage zu retten und bricht somit ihr Versprechen an ihren Geliebten. Ey de Net geht zum Lech de Lunedes und befragt die Mjanines, die ihm den Tod Dolasilas weissagen. Am Abend vor der Schlacht reitet Dolasila trostlos auf den Armentara Wiesen und begegnet dreizehn seltsamen Kindern, die sie um dreizehn ihrer Pfeile so beharrlich bitten, dass die Prinzessin ihren Wunsch erf\u00fcllt. Eigentlich handelt es sich um einen Plan Spina de Muls, der den Feinden der Fanes den Sieg versichern will. Am Tag darauf bemerkt Dolasila eine Farbver\u00e4nderung an ihrem Panzer und ahnt die gro\u00dfe Gefahr die ihr bevorsteht. Trotzdem zieht sie in die Schlacht und wird von ihren verzauberten Pfeilen, die sich die Feinde zugeeignet hatten, getroffen und stirbt. Inzwischen hat sich der Fanesk\u00f6nig auf die <strong>Lagazuoi<\/strong> Berge begeben und wartet auf seine Verb\u00fcndeten, von denen er reiche Sch\u00e4tze als Preis f\u00fcr seinen Verrat erwartet und die ihm bei der Eroberung des Reiches von Aurona helfen sollten. Jedoch wird er des Verrates angeklagt und wird zu Stein infolge einer Zauberei von Spina de Mul. Die Fanesheere ziehen sich zur\u00fcck und die \u00fcber den Tod Dolasilas verzweifelte Fanesk\u00f6nigin bittet die verb\u00fcndeten Murmeltiere um Hilfe, sodass Lujanta, die Zwillingsschwester Dolasilas, erscheint.<\/p>\n<p><a href=\"http:\/\/www.susyrottonara.com\/wp-content\/uploads\/2013\/05\/il-film-e-la-leggenda-1.jpg\"><img decoding=\"async\" class=\"alignnone wp-image-712\" src=\"http:\/\/www.susyrottonara.com\/wp-content\/uploads\/2013\/05\/il-film-e-la-leggenda-1.jpg\" alt=\"il-film-e-la-leggenda-1\" width=\"600\" height=\"160\" \/><\/a><\/p>\n<p>Die Soldaten glauben, dass sie Dolasila sei, aber die Fanesk\u00f6nigin erkl\u00e4rt ihnen, dass Lujanta die Fanes in Sicherheit in das unterirdische Reich der Murmeltiere zum Morin di Salvans f\u00fchren wird. Jeder Versuch der Fanes, ihr Reich zur\u00fcck zu erobern scheitert, und sie werden bei der Schlacht auf der Furcia dai Fers endg\u00fcltig geschlagen. Einmal im Jahr erscheinen Lujanta und die Fanesk\u00f6nigin in einem Boot auf dem <strong>Pragser Wildsee, <\/strong>unter den sich eine T\u00fcr, die zum letzten Aufenthalt der Fanes f\u00fchrt, befinden soll und warten auf den Klang der silbernen Trompeten, welche die verhei\u00dfene Zeit verk\u00fcnden sollen, in der die Fanes wieder in Frieden leben werden.<\/p>\n<\/div><div class=\"fusion-clearfix\"><\/div><\/div><\/div><\/div><\/div>\n","protected":false},"excerpt":{"rendered":"","protected":false},"author":3,"featured_media":1101,"comment_status":"closed","ping_status":"closed","sticky":false,"template":"","format":"standard","meta":{"footnotes":""},"categories":[43],"tags":[],"class_list":["post-4690","post","type-post","status-publish","format-standard","has-post-thumbnail","hentry","category-film-de"],"yoast_head":"<!-- This site is optimized with the Yoast SEO plugin v25.8 - https:\/\/yoast.com\/wordpress\/plugins\/seo\/ -->\n<title>Der Film und die Sage - Susy Rottonara<\/title>\n<meta name=\"robots\" content=\"index, follow, max-snippet:-1, max-image-preview:large, max-video-preview:-1\" \/>\n<link rel=\"canonical\" href=\"https:\/\/www.susyrottonara.com\/de\/der-film-und-die-sage\" \/>\n<meta property=\"og:locale\" content=\"de_DE\" \/>\n<meta property=\"og:type\" content=\"article\" \/>\n<meta property=\"og:title\" content=\"Der Film und die Sage - Susy Rottonara\" \/>\n<meta property=\"og:url\" content=\"https:\/\/www.susyrottonara.com\/de\/der-film-und-die-sage\" \/>\n<meta property=\"og:site_name\" content=\"Susy Rottonara\" \/>\n<meta property=\"article:published_time\" content=\"2013-06-03T12:41:40+00:00\" \/>\n<meta property=\"article:modified_time\" content=\"2019-03-08T11:07:47+00:00\" \/>\n<meta property=\"og:image\" content=\"https:\/\/www.susyrottonara.com\/wp-content\/uploads\/2013\/04\/film-il-regno-di-fanes-7.jpg\" \/>\n\t<meta property=\"og:image:width\" content=\"800\" \/>\n\t<meta property=\"og:image:height\" content=\"600\" \/>\n\t<meta property=\"og:image:type\" content=\"image\/jpeg\" \/>\n<meta name=\"author\" content=\"ADVstudio.it\" \/>\n<meta name=\"twitter:card\" content=\"summary_large_image\" \/>\n<meta name=\"twitter:label1\" content=\"Verfasst von\" \/>\n\t<meta name=\"twitter:data1\" content=\"ADVstudio.it\" \/>\n\t<meta name=\"twitter:label2\" content=\"Gesch\u00e4tzte Lesezeit\" \/>\n\t<meta name=\"twitter:data2\" content=\"6 minutes\" \/>\n<script type=\"application\/ld+json\" class=\"yoast-schema-graph\">{\"@context\":\"https:\/\/schema.org\",\"@graph\":[{\"@type\":\"WebPage\",\"@id\":\"https:\/\/www.susyrottonara.com\/de\/der-film-und-die-sage\",\"url\":\"https:\/\/www.susyrottonara.com\/de\/der-film-und-die-sage\",\"name\":\"Der Film und die Sage - Susy Rottonara\",\"isPartOf\":{\"@id\":\"https:\/\/www.susyrottonara.com\/#website\"},\"primaryImageOfPage\":{\"@id\":\"https:\/\/www.susyrottonara.com\/de\/der-film-und-die-sage#primaryimage\"},\"image\":{\"@id\":\"https:\/\/www.susyrottonara.com\/de\/der-film-und-die-sage#primaryimage\"},\"thumbnailUrl\":\"https:\/\/www.susyrottonara.com\/wp-content\/uploads\/2013\/04\/film-il-regno-di-fanes-7.jpg\",\"datePublished\":\"2013-06-03T12:41:40+00:00\",\"dateModified\":\"2019-03-08T11:07:47+00:00\",\"author\":{\"@id\":\"https:\/\/www.susyrottonara.com\/#\/schema\/person\/c715f5641b214137cef5e376caae214e\"},\"breadcrumb\":{\"@id\":\"https:\/\/www.susyrottonara.com\/de\/der-film-und-die-sage#breadcrumb\"},\"inLanguage\":\"de-DE\",\"potentialAction\":[{\"@type\":\"ReadAction\",\"target\":[\"https:\/\/www.susyrottonara.com\/de\/der-film-und-die-sage\"]}]},{\"@type\":\"ImageObject\",\"inLanguage\":\"de-DE\",\"@id\":\"https:\/\/www.susyrottonara.com\/de\/der-film-und-die-sage#primaryimage\",\"url\":\"https:\/\/www.susyrottonara.com\/wp-content\/uploads\/2013\/04\/film-il-regno-di-fanes-7.jpg\",\"contentUrl\":\"https:\/\/www.susyrottonara.com\/wp-content\/uploads\/2013\/04\/film-il-regno-di-fanes-7.jpg\",\"width\":800,\"height\":600},{\"@type\":\"BreadcrumbList\",\"@id\":\"https:\/\/www.susyrottonara.com\/de\/der-film-und-die-sage#breadcrumb\",\"itemListElement\":[{\"@type\":\"ListItem\",\"position\":1,\"name\":\"Home\",\"item\":\"https:\/\/www.susyrottonara.com\/de\"},{\"@type\":\"ListItem\",\"position\":2,\"name\":\"Der Film und die Sage\"}]},{\"@type\":\"WebSite\",\"@id\":\"https:\/\/www.susyrottonara.com\/#website\",\"url\":\"https:\/\/www.susyrottonara.com\/\",\"name\":\"Susy Rottonara\",\"description\":\"\",\"potentialAction\":[{\"@type\":\"SearchAction\",\"target\":{\"@type\":\"EntryPoint\",\"urlTemplate\":\"https:\/\/www.susyrottonara.com\/?s={search_term_string}\"},\"query-input\":{\"@type\":\"PropertyValueSpecification\",\"valueRequired\":true,\"valueName\":\"search_term_string\"}}],\"inLanguage\":\"de-DE\"},{\"@type\":\"Person\",\"@id\":\"https:\/\/www.susyrottonara.com\/#\/schema\/person\/c715f5641b214137cef5e376caae214e\",\"name\":\"ADVstudio.it\",\"image\":{\"@type\":\"ImageObject\",\"inLanguage\":\"de-DE\",\"@id\":\"https:\/\/www.susyrottonara.com\/#\/schema\/person\/image\/\",\"url\":\"https:\/\/secure.gravatar.com\/avatar\/81343315bb736757eb81d938e3344500c1f5cecbccf523d6f0a63b92a06b6ef5?s=96&d=mm&r=g\",\"contentUrl\":\"https:\/\/secure.gravatar.com\/avatar\/81343315bb736757eb81d938e3344500c1f5cecbccf523d6f0a63b92a06b6ef5?s=96&d=mm&r=g\",\"caption\":\"ADVstudio.it\"},\"sameAs\":[\"http:\/\/www.advstudio.it\"],\"url\":\"https:\/\/www.susyrottonara.com\/de\/author\/advstudio-it\"}]}<\/script>\n<!-- \/ Yoast SEO plugin. -->","yoast_head_json":{"title":"Der Film und die Sage - Susy Rottonara","robots":{"index":"index","follow":"follow","max-snippet":"max-snippet:-1","max-image-preview":"max-image-preview:large","max-video-preview":"max-video-preview:-1"},"canonical":"https:\/\/www.susyrottonara.com\/de\/der-film-und-die-sage","og_locale":"de_DE","og_type":"article","og_title":"Der Film und die Sage - Susy Rottonara","og_url":"https:\/\/www.susyrottonara.com\/de\/der-film-und-die-sage","og_site_name":"Susy Rottonara","article_published_time":"2013-06-03T12:41:40+00:00","article_modified_time":"2019-03-08T11:07:47+00:00","og_image":[{"width":800,"height":600,"url":"https:\/\/www.susyrottonara.com\/wp-content\/uploads\/2013\/04\/film-il-regno-di-fanes-7.jpg","type":"image\/jpeg"}],"author":"ADVstudio.it","twitter_card":"summary_large_image","twitter_misc":{"Verfasst von":"ADVstudio.it","Gesch\u00e4tzte Lesezeit":"6 minutes"},"schema":{"@context":"https:\/\/schema.org","@graph":[{"@type":"WebPage","@id":"https:\/\/www.susyrottonara.com\/de\/der-film-und-die-sage","url":"https:\/\/www.susyrottonara.com\/de\/der-film-und-die-sage","name":"Der Film und die Sage - Susy Rottonara","isPartOf":{"@id":"https:\/\/www.susyrottonara.com\/#website"},"primaryImageOfPage":{"@id":"https:\/\/www.susyrottonara.com\/de\/der-film-und-die-sage#primaryimage"},"image":{"@id":"https:\/\/www.susyrottonara.com\/de\/der-film-und-die-sage#primaryimage"},"thumbnailUrl":"https:\/\/www.susyrottonara.com\/wp-content\/uploads\/2013\/04\/film-il-regno-di-fanes-7.jpg","datePublished":"2013-06-03T12:41:40+00:00","dateModified":"2019-03-08T11:07:47+00:00","author":{"@id":"https:\/\/www.susyrottonara.com\/#\/schema\/person\/c715f5641b214137cef5e376caae214e"},"breadcrumb":{"@id":"https:\/\/www.susyrottonara.com\/de\/der-film-und-die-sage#breadcrumb"},"inLanguage":"de-DE","potentialAction":[{"@type":"ReadAction","target":["https:\/\/www.susyrottonara.com\/de\/der-film-und-die-sage"]}]},{"@type":"ImageObject","inLanguage":"de-DE","@id":"https:\/\/www.susyrottonara.com\/de\/der-film-und-die-sage#primaryimage","url":"https:\/\/www.susyrottonara.com\/wp-content\/uploads\/2013\/04\/film-il-regno-di-fanes-7.jpg","contentUrl":"https:\/\/www.susyrottonara.com\/wp-content\/uploads\/2013\/04\/film-il-regno-di-fanes-7.jpg","width":800,"height":600},{"@type":"BreadcrumbList","@id":"https:\/\/www.susyrottonara.com\/de\/der-film-und-die-sage#breadcrumb","itemListElement":[{"@type":"ListItem","position":1,"name":"Home","item":"https:\/\/www.susyrottonara.com\/de"},{"@type":"ListItem","position":2,"name":"Der Film und die Sage"}]},{"@type":"WebSite","@id":"https:\/\/www.susyrottonara.com\/#website","url":"https:\/\/www.susyrottonara.com\/","name":"Susy Rottonara","description":"","potentialAction":[{"@type":"SearchAction","target":{"@type":"EntryPoint","urlTemplate":"https:\/\/www.susyrottonara.com\/?s={search_term_string}"},"query-input":{"@type":"PropertyValueSpecification","valueRequired":true,"valueName":"search_term_string"}}],"inLanguage":"de-DE"},{"@type":"Person","@id":"https:\/\/www.susyrottonara.com\/#\/schema\/person\/c715f5641b214137cef5e376caae214e","name":"ADVstudio.it","image":{"@type":"ImageObject","inLanguage":"de-DE","@id":"https:\/\/www.susyrottonara.com\/#\/schema\/person\/image\/","url":"https:\/\/secure.gravatar.com\/avatar\/81343315bb736757eb81d938e3344500c1f5cecbccf523d6f0a63b92a06b6ef5?s=96&d=mm&r=g","contentUrl":"https:\/\/secure.gravatar.com\/avatar\/81343315bb736757eb81d938e3344500c1f5cecbccf523d6f0a63b92a06b6ef5?s=96&d=mm&r=g","caption":"ADVstudio.it"},"sameAs":["http:\/\/www.advstudio.it"],"url":"https:\/\/www.susyrottonara.com\/de\/author\/advstudio-it"}]}},"_links":{"self":[{"href":"https:\/\/www.susyrottonara.com\/de\/wp-json\/wp\/v2\/posts\/4690","targetHints":{"allow":["GET"]}}],"collection":[{"href":"https:\/\/www.susyrottonara.com\/de\/wp-json\/wp\/v2\/posts"}],"about":[{"href":"https:\/\/www.susyrottonara.com\/de\/wp-json\/wp\/v2\/types\/post"}],"author":[{"embeddable":true,"href":"https:\/\/www.susyrottonara.com\/de\/wp-json\/wp\/v2\/users\/3"}],"replies":[{"embeddable":true,"href":"https:\/\/www.susyrottonara.com\/de\/wp-json\/wp\/v2\/comments?post=4690"}],"version-history":[{"count":3,"href":"https:\/\/www.susyrottonara.com\/de\/wp-json\/wp\/v2\/posts\/4690\/revisions"}],"predecessor-version":[{"id":7859,"href":"https:\/\/www.susyrottonara.com\/de\/wp-json\/wp\/v2\/posts\/4690\/revisions\/7859"}],"wp:featuredmedia":[{"embeddable":true,"href":"https:\/\/www.susyrottonara.com\/de\/wp-json\/wp\/v2\/media\/1101"}],"wp:attachment":[{"href":"https:\/\/www.susyrottonara.com\/de\/wp-json\/wp\/v2\/media?parent=4690"}],"wp:term":[{"taxonomy":"category","embeddable":true,"href":"https:\/\/www.susyrottonara.com\/de\/wp-json\/wp\/v2\/categories?post=4690"},{"taxonomy":"post_tag","embeddable":true,"href":"https:\/\/www.susyrottonara.com\/de\/wp-json\/wp\/v2\/tags?post=4690"}],"curies":[{"name":"wp","href":"https:\/\/api.w.org\/{rel}","templated":true}]}}