{"id":4696,"date":"2013-07-05T15:54:46","date_gmt":"2013-07-05T13:54:46","guid":{"rendered":"http:\/\/www.susyrottonara.com\/das-ende-des-reiches"},"modified":"2017-04-04T15:04:09","modified_gmt":"2017-04-04T13:04:09","slug":"das-ende-des-reiches","status":"publish","type":"post","link":"https:\/\/www.susyrottonara.com\/de\/das-ende-des-reiches","title":{"rendered":"Das Ende des Reiches"},"content":{"rendered":"<p><a href=\"http:\/\/www.susyrottonara.com\/wp-content\/uploads\/2013\/07\/la-morta-vara-16-9.jpg\"><img decoding=\"async\" alt=\"la-morta-vara-16-9\" src=\"http:\/\/www.susyrottonara.com\/wp-content\/uploads\/2013\/07\/la-morta-vara-16-9.jpg\" width=\"902\" height=\"301\" \/><\/a><\/p>\n<div class=\"fusion-fullwidth fullwidth-box fusion-builder-row-1 hundred-percent-fullwidth non-hundred-percent-height-scrolling\" style=\"background-color: rgba(255,255,255,0);background-position: center center;background-repeat: no-repeat;padding-top:0px;padding-right:0px;padding-bottom:0px;padding-left:0px;margin-bottom: 0px;margin-top: 0px;border-width: 0px 0px 0px 0px;border-color:#eae9e9;border-style:solid;\" ><div class=\"fusion-builder-row fusion-row\"><div class=\"fusion-layout-column fusion_builder_column fusion-builder-column-0 fusion_builder_column_1_2 1_2 fusion-one-half fusion-column-first\" style=\"width:50%;width:calc(50% - ( ( 4% ) * 0.5 ) );margin-right: 4%;margin-top:0px;margin-bottom:20px;\"><div class=\"fusion-column-wrapper fusion-flex-column-wrapper-legacy\" style=\"background-position:left top;background-repeat:no-repeat;-webkit-background-size:cover;-moz-background-size:cover;-o-background-size:cover;background-size:cover;padding: 0px 0px 0px 0px;\">\n<h2>La morta vara<\/h2>\n<p>Ulache n iede fova<br \/>\nl r\u00ebni dla lij\u00ebnda<br \/>\niel m\u00e9 na morta vara<br \/>\ndanter montes scherp\u00ebntes<br \/>\nL v\u00ebrt di prei<br \/>\ns&#8217; \u00e0 deleg\u00e0 ti lec,<br \/>\nc\u00ebsa d&#8217;Aganes spevies<br \/>\ntl plu sot de l&#8217;eghes<br \/>\nLes cuned\u00ebsc<br \/>\ni t\u00ebmps che v\u00ebn,<br \/>\nz\u00ebnza che deguni nt\u00ebnde<br \/>\nl sonn de si paroles<br \/>\nS\u00ebura l ciastel desdr\u00f9<br \/>\njola i crutons cruvei<br \/>\ncui spirc di morc<br \/>\ndla vieres pierses<br \/>\nM\u00e9 sota i cr\u00ebps smar\u00eci<br \/>\nvif m\u00f2 l record perd\u00f9<br \/>\ndl popul muciadif<br \/>\ndla muntanioles&#8230;<div class=\"fusion-clearfix\"><\/div><\/div><\/div>\n<div class=\"fusion-layout-column fusion_builder_column fusion-builder-column-1 fusion_builder_column_1_3 1_3 fusion-one-third\" style=\"width:33.333333333333%;width:calc(33.333333333333% - ( ( 4% ) * 0.33333333333333 ) );margin-right: 4%;margin-top:0px;margin-bottom:20px;\"><div class=\"fusion-column-wrapper fusion-flex-column-wrapper-legacy\" style=\"background-position:left top;background-repeat:no-repeat;-webkit-background-size:cover;-moz-background-size:cover;-o-background-size:cover;background-size:cover;padding: 0px 0px 0px 0px;\">\n<h2>Das Ende des Reiches<\/h2>\n<p>Wo einstmals ein Reich der Sagen war<br \/>\nist nur mehr eine tote Ger\u00f6llhalde<br \/>\nzwischen zerfressenen Felsen<br \/>\nDas Gr\u00fcne der Wiesen<br \/>\nhat sich in den Seen aufgel\u00f6st,<br \/>\ndie Heimat der scheuen Aganes<br \/>\nin der Tiefe des Wassers<br \/>\nSie k\u00fcnden<br \/>\ndie neuen Zeiten an,<br \/>\nohne das niemand den Klang<br \/>\nihrer Worte versteht<br \/>\n\u00dcber der zerst\u00f6rten Burg<br \/>\nfliegen die grausamen Kolkraben<br \/>\nmit den Geistern der Toten<br \/>\naus verlorenen Kriegen<br \/>\nNur unter den bleichen Bergen<br \/>\nlebt noch die verlorene Erinnerung<br \/>\ndes fl\u00fcchtigen Volkes<br \/>\nder Murmeltiere&#8230;<\/p>\n[\/one_half_last]<div class=\"fusion-clearfix\"><\/div><\/div><\/div><\/div><style type=\"text\/css\">.fusion-fullwidth.fusion-builder-row-1 { overflow:visible; }<\/style><\/div>\n","protected":false},"excerpt":{"rendered":"","protected":false},"author":3,"featured_media":2716,"comment_status":"closed","ping_status":"closed","sticky":false,"template":"","format":"standard","meta":{"footnotes":""},"categories":[26],"tags":[],"class_list":["post-4696","post","type-post","status-publish","format-standard","has-post-thumbnail","hentry","category-songtexte"],"yoast_head":"<!-- This site is optimized with the Yoast SEO plugin v25.8 - https:\/\/yoast.com\/wordpress\/plugins\/seo\/ -->\n<title>Das Ende des Reiches - Susy Rottonara<\/title>\n<meta name=\"robots\" content=\"index, follow, max-snippet:-1, max-image-preview:large, max-video-preview:-1\" \/>\n<link rel=\"canonical\" href=\"https:\/\/www.susyrottonara.com\/de\/das-ende-des-reiches\" \/>\n<meta property=\"og:locale\" content=\"de_DE\" \/>\n<meta property=\"og:type\" content=\"article\" \/>\n<meta property=\"og:title\" content=\"Das Ende des Reiches - Susy Rottonara\" \/>\n<meta property=\"og:url\" content=\"https:\/\/www.susyrottonara.com\/de\/das-ende-des-reiches\" \/>\n<meta property=\"og:site_name\" content=\"Susy Rottonara\" \/>\n<meta property=\"article:published_time\" content=\"2013-07-05T13:54:46+00:00\" \/>\n<meta property=\"article:modified_time\" content=\"2017-04-04T13:04:09+00:00\" \/>\n<meta property=\"og:image\" content=\"https:\/\/www.susyrottonara.com\/wp-content\/uploads\/2013\/07\/riserva-4-e1373987564540.jpg\" \/>\n\t<meta property=\"og:image:width\" content=\"2032\" \/>\n\t<meta property=\"og:image:height\" content=\"860\" \/>\n\t<meta property=\"og:image:type\" content=\"image\/jpeg\" \/>\n<meta name=\"author\" content=\"ADVstudio.it\" \/>\n<meta name=\"twitter:card\" content=\"summary_large_image\" \/>\n<meta name=\"twitter:label1\" content=\"Verfasst von\" \/>\n\t<meta name=\"twitter:data1\" content=\"ADVstudio.it\" \/>\n\t<meta name=\"twitter:label2\" content=\"Gesch\u00e4tzte Lesezeit\" \/>\n\t<meta name=\"twitter:data2\" content=\"1 minute\" \/>\n<script type=\"application\/ld+json\" class=\"yoast-schema-graph\">{\"@context\":\"https:\/\/schema.org\",\"@graph\":[{\"@type\":\"WebPage\",\"@id\":\"https:\/\/www.susyrottonara.com\/de\/das-ende-des-reiches\",\"url\":\"https:\/\/www.susyrottonara.com\/de\/das-ende-des-reiches\",\"name\":\"Das Ende des Reiches - Susy Rottonara\",\"isPartOf\":{\"@id\":\"https:\/\/www.susyrottonara.com\/#website\"},\"primaryImageOfPage\":{\"@id\":\"https:\/\/www.susyrottonara.com\/de\/das-ende-des-reiches#primaryimage\"},\"image\":{\"@id\":\"https:\/\/www.susyrottonara.com\/de\/das-ende-des-reiches#primaryimage\"},\"thumbnailUrl\":\"https:\/\/www.susyrottonara.com\/wp-content\/uploads\/2013\/07\/riserva-4-e1373987564540.jpg\",\"datePublished\":\"2013-07-05T13:54:46+00:00\",\"dateModified\":\"2017-04-04T13:04:09+00:00\",\"author\":{\"@id\":\"https:\/\/www.susyrottonara.com\/#\/schema\/person\/c715f5641b214137cef5e376caae214e\"},\"breadcrumb\":{\"@id\":\"https:\/\/www.susyrottonara.com\/de\/das-ende-des-reiches#breadcrumb\"},\"inLanguage\":\"de-DE\",\"potentialAction\":[{\"@type\":\"ReadAction\",\"target\":[\"https:\/\/www.susyrottonara.com\/de\/das-ende-des-reiches\"]}]},{\"@type\":\"ImageObject\",\"inLanguage\":\"de-DE\",\"@id\":\"https:\/\/www.susyrottonara.com\/de\/das-ende-des-reiches#primaryimage\",\"url\":\"https:\/\/www.susyrottonara.com\/wp-content\/uploads\/2013\/07\/riserva-4-e1373987564540.jpg\",\"contentUrl\":\"https:\/\/www.susyrottonara.com\/wp-content\/uploads\/2013\/07\/riserva-4-e1373987564540.jpg\",\"width\":2032,\"height\":860},{\"@type\":\"BreadcrumbList\",\"@id\":\"https:\/\/www.susyrottonara.com\/de\/das-ende-des-reiches#breadcrumb\",\"itemListElement\":[{\"@type\":\"ListItem\",\"position\":1,\"name\":\"Home\",\"item\":\"https:\/\/www.susyrottonara.com\/de\"},{\"@type\":\"ListItem\",\"position\":2,\"name\":\"Das Ende des Reiches\"}]},{\"@type\":\"WebSite\",\"@id\":\"https:\/\/www.susyrottonara.com\/#website\",\"url\":\"https:\/\/www.susyrottonara.com\/\",\"name\":\"Susy Rottonara\",\"description\":\"\",\"potentialAction\":[{\"@type\":\"SearchAction\",\"target\":{\"@type\":\"EntryPoint\",\"urlTemplate\":\"https:\/\/www.susyrottonara.com\/?s={search_term_string}\"},\"query-input\":{\"@type\":\"PropertyValueSpecification\",\"valueRequired\":true,\"valueName\":\"search_term_string\"}}],\"inLanguage\":\"de-DE\"},{\"@type\":\"Person\",\"@id\":\"https:\/\/www.susyrottonara.com\/#\/schema\/person\/c715f5641b214137cef5e376caae214e\",\"name\":\"ADVstudio.it\",\"image\":{\"@type\":\"ImageObject\",\"inLanguage\":\"de-DE\",\"@id\":\"https:\/\/www.susyrottonara.com\/#\/schema\/person\/image\/\",\"url\":\"https:\/\/secure.gravatar.com\/avatar\/81343315bb736757eb81d938e3344500c1f5cecbccf523d6f0a63b92a06b6ef5?s=96&d=mm&r=g\",\"contentUrl\":\"https:\/\/secure.gravatar.com\/avatar\/81343315bb736757eb81d938e3344500c1f5cecbccf523d6f0a63b92a06b6ef5?s=96&d=mm&r=g\",\"caption\":\"ADVstudio.it\"},\"sameAs\":[\"http:\/\/www.advstudio.it\"],\"url\":\"https:\/\/www.susyrottonara.com\/de\/author\/advstudio-it\"}]}<\/script>\n<!-- \/ Yoast SEO plugin. -->","yoast_head_json":{"title":"Das Ende des Reiches - Susy Rottonara","robots":{"index":"index","follow":"follow","max-snippet":"max-snippet:-1","max-image-preview":"max-image-preview:large","max-video-preview":"max-video-preview:-1"},"canonical":"https:\/\/www.susyrottonara.com\/de\/das-ende-des-reiches","og_locale":"de_DE","og_type":"article","og_title":"Das Ende des Reiches - Susy Rottonara","og_url":"https:\/\/www.susyrottonara.com\/de\/das-ende-des-reiches","og_site_name":"Susy Rottonara","article_published_time":"2013-07-05T13:54:46+00:00","article_modified_time":"2017-04-04T13:04:09+00:00","og_image":[{"width":2032,"height":860,"url":"https:\/\/www.susyrottonara.com\/wp-content\/uploads\/2013\/07\/riserva-4-e1373987564540.jpg","type":"image\/jpeg"}],"author":"ADVstudio.it","twitter_card":"summary_large_image","twitter_misc":{"Verfasst von":"ADVstudio.it","Gesch\u00e4tzte Lesezeit":"1 minute"},"schema":{"@context":"https:\/\/schema.org","@graph":[{"@type":"WebPage","@id":"https:\/\/www.susyrottonara.com\/de\/das-ende-des-reiches","url":"https:\/\/www.susyrottonara.com\/de\/das-ende-des-reiches","name":"Das Ende des Reiches - Susy Rottonara","isPartOf":{"@id":"https:\/\/www.susyrottonara.com\/#website"},"primaryImageOfPage":{"@id":"https:\/\/www.susyrottonara.com\/de\/das-ende-des-reiches#primaryimage"},"image":{"@id":"https:\/\/www.susyrottonara.com\/de\/das-ende-des-reiches#primaryimage"},"thumbnailUrl":"https:\/\/www.susyrottonara.com\/wp-content\/uploads\/2013\/07\/riserva-4-e1373987564540.jpg","datePublished":"2013-07-05T13:54:46+00:00","dateModified":"2017-04-04T13:04:09+00:00","author":{"@id":"https:\/\/www.susyrottonara.com\/#\/schema\/person\/c715f5641b214137cef5e376caae214e"},"breadcrumb":{"@id":"https:\/\/www.susyrottonara.com\/de\/das-ende-des-reiches#breadcrumb"},"inLanguage":"de-DE","potentialAction":[{"@type":"ReadAction","target":["https:\/\/www.susyrottonara.com\/de\/das-ende-des-reiches"]}]},{"@type":"ImageObject","inLanguage":"de-DE","@id":"https:\/\/www.susyrottonara.com\/de\/das-ende-des-reiches#primaryimage","url":"https:\/\/www.susyrottonara.com\/wp-content\/uploads\/2013\/07\/riserva-4-e1373987564540.jpg","contentUrl":"https:\/\/www.susyrottonara.com\/wp-content\/uploads\/2013\/07\/riserva-4-e1373987564540.jpg","width":2032,"height":860},{"@type":"BreadcrumbList","@id":"https:\/\/www.susyrottonara.com\/de\/das-ende-des-reiches#breadcrumb","itemListElement":[{"@type":"ListItem","position":1,"name":"Home","item":"https:\/\/www.susyrottonara.com\/de"},{"@type":"ListItem","position":2,"name":"Das Ende des Reiches"}]},{"@type":"WebSite","@id":"https:\/\/www.susyrottonara.com\/#website","url":"https:\/\/www.susyrottonara.com\/","name":"Susy Rottonara","description":"","potentialAction":[{"@type":"SearchAction","target":{"@type":"EntryPoint","urlTemplate":"https:\/\/www.susyrottonara.com\/?s={search_term_string}"},"query-input":{"@type":"PropertyValueSpecification","valueRequired":true,"valueName":"search_term_string"}}],"inLanguage":"de-DE"},{"@type":"Person","@id":"https:\/\/www.susyrottonara.com\/#\/schema\/person\/c715f5641b214137cef5e376caae214e","name":"ADVstudio.it","image":{"@type":"ImageObject","inLanguage":"de-DE","@id":"https:\/\/www.susyrottonara.com\/#\/schema\/person\/image\/","url":"https:\/\/secure.gravatar.com\/avatar\/81343315bb736757eb81d938e3344500c1f5cecbccf523d6f0a63b92a06b6ef5?s=96&d=mm&r=g","contentUrl":"https:\/\/secure.gravatar.com\/avatar\/81343315bb736757eb81d938e3344500c1f5cecbccf523d6f0a63b92a06b6ef5?s=96&d=mm&r=g","caption":"ADVstudio.it"},"sameAs":["http:\/\/www.advstudio.it"],"url":"https:\/\/www.susyrottonara.com\/de\/author\/advstudio-it"}]}},"_links":{"self":[{"href":"https:\/\/www.susyrottonara.com\/de\/wp-json\/wp\/v2\/posts\/4696","targetHints":{"allow":["GET"]}}],"collection":[{"href":"https:\/\/www.susyrottonara.com\/de\/wp-json\/wp\/v2\/posts"}],"about":[{"href":"https:\/\/www.susyrottonara.com\/de\/wp-json\/wp\/v2\/types\/post"}],"author":[{"embeddable":true,"href":"https:\/\/www.susyrottonara.com\/de\/wp-json\/wp\/v2\/users\/3"}],"replies":[{"embeddable":true,"href":"https:\/\/www.susyrottonara.com\/de\/wp-json\/wp\/v2\/comments?post=4696"}],"version-history":[{"count":1,"href":"https:\/\/www.susyrottonara.com\/de\/wp-json\/wp\/v2\/posts\/4696\/revisions"}],"predecessor-version":[{"id":5676,"href":"https:\/\/www.susyrottonara.com\/de\/wp-json\/wp\/v2\/posts\/4696\/revisions\/5676"}],"wp:featuredmedia":[{"embeddable":true,"href":"https:\/\/www.susyrottonara.com\/de\/wp-json\/wp\/v2\/media\/2716"}],"wp:attachment":[{"href":"https:\/\/www.susyrottonara.com\/de\/wp-json\/wp\/v2\/media?parent=4696"}],"wp:term":[{"taxonomy":"category","embeddable":true,"href":"https:\/\/www.susyrottonara.com\/de\/wp-json\/wp\/v2\/categories?post=4696"},{"taxonomy":"post_tag","embeddable":true,"href":"https:\/\/www.susyrottonara.com\/de\/wp-json\/wp\/v2\/tags?post=4696"}],"curies":[{"name":"wp","href":"https:\/\/api.w.org\/{rel}","templated":true}]}}