{"id":4699,"date":"2013-07-05T19:06:56","date_gmt":"2013-07-05T17:06:56","guid":{"rendered":"http:\/\/www.susyrottonara.com\/im-sagenschloss-2"},"modified":"2025-06-10T17:25:48","modified_gmt":"2025-06-10T15:25:48","slug":"im-sagenschloss-2","status":"publish","type":"post","link":"https:\/\/www.susyrottonara.com\/de\/im-sagenschloss-2","title":{"rendered":"Im Sagenschloss &#8211; Opera highlights"},"content":{"rendered":"<div class=\"fusion-fullwidth fullwidth-box fusion-builder-row-1 nonhundred-percent-fullwidth non-hundred-percent-height-scrolling\" style=\"background-color: rgba(255,255,255,0);background-position: center center;background-repeat: no-repeat;padding-top:0px;padding-right:0px;padding-bottom:0px;padding-left:0px;margin-bottom: 0px;margin-top: 0px;border-width: 0px 0px 0px 0px;border-color:#eae9e9;border-style:solid;\" ><div class=\"fusion-builder-row fusion-row\"><div class=\"fusion-layout-column fusion_builder_column fusion-builder-column-0 fusion_builder_column_1_1 1_1 fusion-one-full fusion-column-first fusion-column-last\" style=\"margin-top:0px;margin-bottom:0px;\"><div class=\"fusion-column-wrapper fusion-flex-column-wrapper-legacy\" style=\"background-position:left top;background-repeat:no-repeat;-webkit-background-size:cover;-moz-background-size:cover;-o-background-size:cover;background-size:cover;padding: 0px 0px 0px 0px;\"><div class=\"fusion-text fusion-text-1\"><h2 style=\"text-align: center;\">Im Kulturevent wird eine Begegnung der ladinischen Sagen mit dem Operngesang und mit der klassischen Musik vorgef\u00fchrt<\/h2>\n<h2><img decoding=\"async\" class=\"wp-image-1617 size-full aligncenter\" src=\"https:\/\/www.susyrottonara.com\/wp-content\/uploads\/2013\/05\/Pressebild-Castello-web.jpg\" alt=\"Pressebild-Castello-web\" width=\"385\" height=\"550\" srcset=\"https:\/\/www.susyrottonara.com\/wp-content\/uploads\/2013\/05\/Pressebild-Castello-web-209x300.jpg 209w, https:\/\/www.susyrottonara.com\/wp-content\/uploads\/2013\/05\/Pressebild-Castello-web.jpg 385w\" sizes=\"(max-width: 385px) 100vw, 385px\" \/><\/h2>\n<\/div><div class=\"fusion-text fusion-text-2\"><h2 style=\"text-align: center;\">FOTOS DER EVENTS<\/h2>\n<\/div><div class=\"fusion-blog-shortcode fusion-blog-shortcode-1 fusion-blog-archive fusion-blog-layout-grid-wrapper fusion-blog-pagination\"><style type=\"text\/css\">.fusion-blog-shortcode-1 .fusion-blog-layout-grid .fusion-post-grid{padding:20px;}.fusion-blog-shortcode-1 .fusion-posts-container{margin-left: -20px !important; margin-right:-20px !important;}<\/style><div class=\"fusion-posts-container fusion-posts-container-pagination fusion-no-meta-info fusion-blog-layout-grid fusion-blog-layout-grid-2 isotope\" data-pages=\"1\" data-grid-col-space=\"40\" style=\"margin: -20px -20px 0;min-height:500px;\"><article id=\"blog-1-post-4835\" class=\"fusion-post-grid post-4835 post type-post status-publish format-standard has-post-thumbnail hentry category-castel-of-legend\">\n<div class=\"fusion-post-wrapper\" style=\"background-color:rgba(255,255,255,0);border:1px solid #ebeaea;border-bottom-width:3px;\">\n\n\t\t\t<div class=\"fusion-flexslider flexslider fusion-flexslider-loading fusion-post-slideshow\" style=\"border-color:#ebeaea;\">\n\t\t<ul class=\"slides\">\n\t\t\t\n\t\t\t\t\t\t\t\t\t\t\t\t\t\t<li><div  class=\"fusion-image-wrapper\" aria-haspopup=\"true\">\n\t\t\t\t\t\t\t<a href=\"https:\/\/www.susyrottonara.com\/de\/im-sagenschloss-2014\" aria-label=\"Im Sagenschloss 2014\">\n\t\t\t\t\t\t\t<img decoding=\"async\" width=\"5184\" height=\"3456\" src=\"https:\/\/www.susyrottonara.com\/wp-content\/uploads\/2014\/09\/5-FREDDY-PLANINSCHEK-2014.jpg\" class=\"attachment-full size-full wp-post-image\" alt=\"\" \/>\t\t\t<\/a>\n\t\t\t\t\t\t\t<\/div>\n<\/li>\n\t\t\t\n\t\t\t\n\t\t\t\t\t\t\t\t\t\t\t\t\t\t\t\t\t\t\t\t\t\t\t\t\t\t\t\t\t\t\t\t\t\t\t\t\t\t\t\t\t\t\t\t\t\t\t\t\t\t\t\t\t\t\t\t\t\t\t\t\t\t\t\t\t\t\t\t<\/ul>\n\t<\/div>\n\t<div class=\"fusion-post-content-wrapper\" style=\"padding:30px 25px 20px 25px;\"><div class=\"fusion-post-content post-content\"><h2 class=\"blog-shortcode-post-title entry-title\"><a href=\"https:\/\/www.susyrottonara.com\/de\/im-sagenschloss-2014\">Im Sagenschloss 2014<\/a><\/h2><div class=\"fusion-post-content-container\"><p>    <\/p><\/div><\/div><\/div><div class=\"fusion-clearfix\"><\/div><\/div>\n<\/article>\n<article id=\"blog-1-post-4793\" class=\"fusion-post-grid post-4793 post type-post status-publish format-standard has-post-thumbnail hentry category-castel-of-legend\">\n<div class=\"fusion-post-wrapper\" style=\"background-color:rgba(255,255,255,0);border:1px solid #ebeaea;border-bottom-width:3px;\">\n\n\t\t\t<div class=\"fusion-flexslider flexslider fusion-flexslider-loading fusion-post-slideshow\" style=\"border-color:#ebeaea;\">\n\t\t<ul class=\"slides\">\n\t\t\t\n\t\t\t\t\t\t\t\t\t\t\t\t\t\t<li><div  class=\"fusion-image-wrapper\" aria-haspopup=\"true\">\n\t\t\t\t\t\t\t<a href=\"https:\/\/www.susyrottonara.com\/de\/in-sagenschloss-2013\" aria-label=\"In Sagenschloss 2013\">\n\t\t\t\t\t\t\t<img decoding=\"async\" width=\"5616\" height=\"3744\" src=\"https:\/\/www.susyrottonara.com\/wp-content\/uploads\/2013\/09\/42\u00a9-FREDDY-PLANINSCHEK-2013.jpg\" class=\"attachment-full size-full wp-post-image\" alt=\"\" \/>\t\t\t<\/a>\n\t\t\t\t\t\t\t<\/div>\n<\/li>\n\t\t\t\n\t\t\t\n\t\t\t\t\t\t\t\t\t\t\t\t\t\t\t\t\t\t\t\t\t\t\t\t\t\t\t\t\t\t\t\t\t\t\t\t\t\t\t\t\t\t\t\t\t\t\t\t\t\t\t\t\t\t\t\t\t\t\t\t\t\t\t\t\t\t\t\t<\/ul>\n\t<\/div>\n\t<div class=\"fusion-post-content-wrapper\" style=\"padding:30px 25px 20px 25px;\"><div class=\"fusion-post-content post-content\"><h2 class=\"blog-shortcode-post-title entry-title\"><a href=\"https:\/\/www.susyrottonara.com\/de\/in-sagenschloss-2013\">In Sagenschloss 2013<\/a><\/h2><div class=\"fusion-post-content-container\"><p>    <\/p><\/div><\/div><\/div><div class=\"fusion-clearfix\"><\/div><\/div>\n<\/article>\n<article id=\"blog-1-post-4790\" class=\"fusion-post-grid post-4790 post type-post status-publish format-standard has-post-thumbnail hentry category-castel-of-legend\">\n<div class=\"fusion-post-wrapper\" style=\"background-color:rgba(255,255,255,0);border:1px solid #ebeaea;border-bottom-width:3px;\">\n\n\t\t\t<div class=\"fusion-flexslider flexslider fusion-flexslider-loading fusion-post-slideshow\" style=\"border-color:#ebeaea;\">\n\t\t<ul class=\"slides\">\n\t\t\t\n\t\t\t\t\t\t\t\t\t\t\t\t\t\t<li><div  class=\"fusion-image-wrapper\" aria-haspopup=\"true\">\n\t\t\t\t\t\t\t<a href=\"https:\/\/www.susyrottonara.com\/de\/im-sagenschloss-2012\" aria-label=\"Im Sagenschloss 2012\">\n\t\t\t\t\t\t\t<img decoding=\"async\" width=\"900\" height=\"300\" src=\"https:\/\/www.susyrottonara.com\/wp-content\/uploads\/2013\/05\/immagine-articolo-scheda-tecnica.jpg\" class=\"attachment-full size-full wp-post-image\" alt=\"\" \/>\t\t\t<\/a>\n\t\t\t\t\t\t\t<\/div>\n<\/li>\n\t\t\t\n\t\t\t\n\t\t\t\t\t\t\t\t\t\t\t\t\t\t\t\t\t\t\t\t\t\t\t\t\t\t\t\t\t\t\t\t\t\t\t\t\t\t\t\t\t\t\t\t\t\t\t\t\t\t\t\t\t\t\t\t\t\t\t\t\t\t\t\t\t\t\t\t<\/ul>\n\t<\/div>\n\t<div class=\"fusion-post-content-wrapper\" style=\"padding:30px 25px 20px 25px;\"><div class=\"fusion-post-content post-content\"><h2 class=\"blog-shortcode-post-title entry-title\"><a href=\"https:\/\/www.susyrottonara.com\/de\/im-sagenschloss-2012\">Im Sagenschloss 2012<\/a><\/h2><div class=\"fusion-post-content-container\"><p>    <\/p><\/div><\/div><\/div><div class=\"fusion-clearfix\"><\/div><\/div>\n<\/article>\n<div class=\"fusion-clearfix\"><\/div><\/div><\/div><div class=\"fusion-text fusion-text-3\"><h2 style=\"text-align: center;\"><a href=\"https:\/\/www.susyrottonara.com\/de\/belcanto-sulle-dolomiti\">VIDEOS VON DEN AUFF\u00dcHRUNGEN<\/a><\/h2>\n<\/div><div class=\"fusion-text fusion-text-4\"><h2 style=\"text-align: center;\"><img decoding=\"async\" class=\"size-medium wp-image-4458 alignleft\" src=\"http:\/\/www.susyrottonara.com\/wp-content\/uploads\/2014\/09\/2-FREDDY-PLANINSCHEK-2014-300x200.jpg\" alt=\"\" width=\"300\" height=\"200\" srcset=\"https:\/\/www.susyrottonara.com\/wp-content\/uploads\/2014\/09\/2-FREDDY-PLANINSCHEK-2014-300x200.jpg 300w, https:\/\/www.susyrottonara.com\/wp-content\/uploads\/2014\/09\/2-FREDDY-PLANINSCHEK-2014-1024x682.jpg 1024w, https:\/\/www.susyrottonara.com\/wp-content\/uploads\/2014\/09\/2-FREDDY-PLANINSCHEK-2014.jpg 5184w\" sizes=\"(max-width: 300px) 100vw, 300px\" \/>Auff\u00fchrungen:<\/h2>\n<h2>10\/08\/2014, Schloss Colz, Stern im Gadertal (BZ):<\/h2>\n<h3><span style=\"color: #800080;\">Am Hofe Moltinas: Liebe und Sage Opernarien von V.Bellini und St\u00fccke aus Fanes Poem Musical<\/span><\/h3>\n<p><strong>Live Aufzeichnungen:<\/strong><\/p>\n<p><em>La Sonnambula: &#8220;Care compagne&#8221; &#8211; <span style=\"color: #3366ff;\"><a style=\"color: #3366ff;\" href=\"https:\/\/www.instagram.com\/tv\/ByFwKm6g1hA\/?igshid=wd18olensgip\">Video<\/a><\/span><\/em><\/p>\n<!--[if lt IE 9]><script>document.createElement('audio');<\/script><![endif]-->\n<audio class=\"wp-audio-shortcode\" id=\"audio-4790-1\" preload=\"none\" style=\"width: 100%;\" controls=\"controls\"><source type=\"audio\/wav\" src=\"https:\/\/www.susyrottonara.com\/wp-content\/uploads\/4-Care-compagne.wav?_=1\" \/><a href=\"https:\/\/www.susyrottonara.com\/wp-content\/uploads\/4-Care-compagne.wav\">https:\/\/www.susyrottonara.com\/wp-content\/uploads\/4-Care-compagne.wav<\/a><\/audio>\n<p><em>La Sonnambula: &#8220;Sovra il sen&#8221;<\/em><\/p>\n<audio class=\"wp-audio-shortcode\" id=\"audio-4790-2\" preload=\"none\" style=\"width: 100%;\" controls=\"controls\"><source type=\"audio\/wav\" src=\"https:\/\/www.susyrottonara.com\/wp-content\/uploads\/6-Sovra-il-sen.wav?_=2\" \/><a href=\"https:\/\/www.susyrottonara.com\/wp-content\/uploads\/6-Sovra-il-sen.wav\">https:\/\/www.susyrottonara.com\/wp-content\/uploads\/6-Sovra-il-sen.wav<\/a><\/audio>\n<p><em>I Puritani: &#8220;Qui la voce sua soave&#8221;<\/em><\/p>\n<audio class=\"wp-audio-shortcode\" id=\"audio-4790-3\" preload=\"none\" style=\"width: 100%;\" controls=\"controls\"><source type=\"audio\/wav\" src=\"https:\/\/www.susyrottonara.com\/wp-content\/uploads\/7-Qui-la-voce.wav?_=3\" \/><a href=\"https:\/\/www.susyrottonara.com\/wp-content\/uploads\/7-Qui-la-voce.wav\">https:\/\/www.susyrottonara.com\/wp-content\/uploads\/7-Qui-la-voce.wav<\/a><\/audio>\n<p><em>I Puritani : &#8220;Vien diletto&#8221;<\/em><\/p>\n<audio class=\"wp-audio-shortcode\" id=\"audio-4790-4\" preload=\"none\" style=\"width: 100%;\" controls=\"controls\"><source type=\"audio\/wav\" src=\"https:\/\/www.susyrottonara.com\/wp-content\/uploads\/8-Vien-diletto.wav?_=4\" \/><a href=\"https:\/\/www.susyrottonara.com\/wp-content\/uploads\/8-Vien-diletto.wav\">https:\/\/www.susyrottonara.com\/wp-content\/uploads\/8-Vien-diletto.wav<\/a><\/audio>\n<h2><img decoding=\"async\" class=\"size-medium wp-image-1048 alignleft\" src=\"http:\/\/www.susyrottonara.com\/wp-content\/uploads\/2013\/04\/Cast2-200x300.jpg\" alt=\"\" width=\"200\" height=\"300\" srcset=\"https:\/\/www.susyrottonara.com\/wp-content\/uploads\/2013\/04\/Cast2-200x300.jpg 200w, https:\/\/www.susyrottonara.com\/wp-content\/uploads\/2013\/04\/Cast2-682x1024.jpg 682w, https:\/\/www.susyrottonara.com\/wp-content\/uploads\/2013\/04\/Cast2.jpg 800w\" sizes=\"(max-width: 200px) 100vw, 200px\" \/><\/h2>\n<p><a href=\"http:\/\/www.susyrottonara.com\/wp-content\/uploads\/2014\/07\/Im-Sagenschloss-Pressemitteilung-2014-pdf.pdf\"><img decoding=\"async\" class=\"size-medium wp-image-3733 alignleft\" src=\"http:\/\/www.susyrottonara.com\/wp-content\/uploads\/2013\/09\/9\u00a9-FREDDY-PLANINSCHEK-2013-300x200.jpg\" alt=\"\" width=\"300\" height=\"200\" srcset=\"https:\/\/www.susyrottonara.com\/wp-content\/uploads\/2013\/09\/9\u00a9-FREDDY-PLANINSCHEK-2013-300x200.jpg 300w, https:\/\/www.susyrottonara.com\/wp-content\/uploads\/2013\/09\/9\u00a9-FREDDY-PLANINSCHEK-2013-1024x682.jpg 1024w, https:\/\/www.susyrottonara.com\/wp-content\/uploads\/2013\/09\/9\u00a9-FREDDY-PLANINSCHEK-2013.jpg 5616w\" sizes=\"(max-width: 300px) 100vw, 300px\" \/><\/a><\/p>\n<p><a href=\"http:\/\/www.susyrottonara.com\/wp-content\/uploads\/2014\/07\/Im-Sagenschloss-Pressemitteilung-2014-pdf.pdf\">Pressemitteilung\u00a0 \u00a0\u00a0<\/a><a href=\"http:\/\/www.susyrottonara.com\/wp-content\/uploads\/2014\/07\/Im-Sagenschloss-Pressemitteilung-2014-pdf.pdf\">\u00a0<\/a><a href=\"http:\/\/www.susyrottonara.com\/wp-content\/uploads\/2014\/07\/Tl-Ciastel-dles-li\u00ebndes-placat-20141.pdf\">Plakat <\/a><\/p>\n<p><a title=\"Programma di sala\" href=\"http:\/\/www.susyrottonara.com\/wp-content\/uploads\/2013\/07\/Nel-Castello-delle-leggende-progr-sala-2014.pdf\" target=\"_blank\" rel=\"noopener\">Programmbuch \u00a0 \u00a0 <\/a><a title=\"Gallery\" href=\"http:\/\/www.susyrottonara.com\/de\/im-sagenschloss-2014\">Gallery\u00a0 \u00a0 \u00a0<\/a><a title=\"PRESS\" href=\"de\/?p=22\" target=\"_blank\" rel=\"noopener\">PRESS<\/a><\/p>\n<h2 style=\"text-align: center;\">11\/08\/2013: Schloss Colz, Stern im Gadertal (BZ &#8211; S\u00fcdtirol) &#8211; Jubil\u00e4um von Giuseppe Verdi:<\/h2>\n<h3><span style=\"color: #800080;\">Eine Hommage an Giuseppe Verdi zum zweihundertj\u00e4hrigen Geburtsjubil\u00e4um. Die ladinischen Sagen und das verdianische Melodrama durch ber\u00fchmte Opernarien.<\/span><\/h3>\n<p><strong>Live Aufzeichnungen:<\/strong><\/p>\n<p>La Traviata: &#8220;\u00c8 strano, \u00e8 strano&#8221; &#8211; <span style=\"color: #3366ff;\"><a style=\"color: #3366ff;\" href=\"https:\/\/www.instagram.com\/tv\/B8jWMZTIHeE\/?igshid=1nm5lcuovbzpt\">Video<\/a><\/span><\/p>\n<audio class=\"wp-audio-shortcode\" id=\"audio-4790-5\" preload=\"none\" style=\"width: 100%;\" controls=\"controls\"><source type=\"audio\/wav\" src=\"https:\/\/www.susyrottonara.com\/wp-content\/uploads\/ZOOM0071-E-strano.wav?_=5\" \/><a href=\"https:\/\/www.susyrottonara.com\/wp-content\/uploads\/ZOOM0071-E-strano.wav\">https:\/\/www.susyrottonara.com\/wp-content\/uploads\/ZOOM0071-E-strano.wav<\/a><\/audio>\n<p>Falstaff: &#8220;Sul fil d&#8217;un soffio etesio&#8221;<\/p>\n<audio class=\"wp-audio-shortcode\" id=\"audio-4790-6\" preload=\"none\" style=\"width: 100%;\" controls=\"controls\"><source type=\"audio\/wav\" src=\"https:\/\/www.susyrottonara.com\/wp-content\/uploads\/ZOOM0070-Sul-fil-dun-soffio-etesio.wav?_=6\" \/><a href=\"https:\/\/www.susyrottonara.com\/wp-content\/uploads\/ZOOM0070-Sul-fil-dun-soffio-etesio.wav\">https:\/\/www.susyrottonara.com\/wp-content\/uploads\/ZOOM0070-Sul-fil-dun-soffio-etesio.wav<\/a><\/audio>\n<p>La Traviata: &#8220;Libiam&#8217;nei lieti calici&#8221;<\/p>\n<audio class=\"wp-audio-shortcode\" id=\"audio-4790-7\" preload=\"none\" style=\"width: 100%;\" controls=\"controls\"><source type=\"audio\/wav\" src=\"https:\/\/www.susyrottonara.com\/wp-content\/uploads\/ZOOM0072-Brindisi-Traviata.wav?_=7\" \/><a href=\"https:\/\/www.susyrottonara.com\/wp-content\/uploads\/ZOOM0072-Brindisi-Traviata.wav\">https:\/\/www.susyrottonara.com\/wp-content\/uploads\/ZOOM0072-Brindisi-Traviata.wav<\/a><\/audio>\n<h2><img decoding=\"async\" class=\"size-medium wp-image-3783 alignleft\" src=\"http:\/\/www.susyrottonara.com\/wp-content\/uploads\/2013\/09\/40-300x225.jpg\" alt=\"\" width=\"300\" height=\"225\" srcset=\"https:\/\/www.susyrottonara.com\/wp-content\/uploads\/2013\/09\/40-300x225.jpg 300w, https:\/\/www.susyrottonara.com\/wp-content\/uploads\/2013\/09\/40-1024x768.jpg 1024w, https:\/\/www.susyrottonara.com\/wp-content\/uploads\/2013\/09\/40.jpg 4608w\" sizes=\"(max-width: 300px) 100vw, 300px\" \/><\/h2>\n<h2 style=\"text-align: center;\"><a href=\"http:\/\/www.susyrottonara.com\/wp-content\/uploads\/2014\/07\/Im-Sagenschloss-Pressemitteilung-2014-pdf.pdf\"><img decoding=\"async\" class=\"size-medium wp-image-3769 alignleft\" src=\"http:\/\/www.susyrottonara.com\/wp-content\/uploads\/2013\/09\/22\u00a9-FREDDY-PLANINSCHEK-2013-199x300.jpg\" alt=\"\" width=\"199\" height=\"300\" srcset=\"https:\/\/www.susyrottonara.com\/wp-content\/uploads\/2013\/09\/22\u00a9-FREDDY-PLANINSCHEK-2013-199x300.jpg 199w, https:\/\/www.susyrottonara.com\/wp-content\/uploads\/2013\/09\/22\u00a9-FREDDY-PLANINSCHEK-2013-682x1024.jpg 682w, https:\/\/www.susyrottonara.com\/wp-content\/uploads\/2013\/09\/22\u00a9-FREDDY-PLANINSCHEK-2013.jpg 1181w\" sizes=\"(max-width: 199px) 100vw, 199px\" \/><\/a><\/h2>\n<h2 style=\"text-align: center;\"><\/h2>\n<p><a href=\"http:\/\/www.susyrottonara.com\/wp-content\/uploads\/2013\/07\/Pressemitteilung-Im-Sagenschloss-2013.pdf\">Pressemitteilung\u00a0 \u00a0 <\/a><a href=\"http:\/\/www.susyrottonara.com\/wp-content\/uploads\/2013\/08\/Tl-Ciastel-dles-lie\u0308ndes-poster-2013.pdf\">Plakat\u00a0 <\/a><\/p>\n<p><a href=\"http:\/\/www.susyrottonara.com\/wp-content\/uploads\/2013\/09\/Nel-Castello-delle-leggende-flyer-2013.pdf\">Plakat Programmbuch\u00a0 \u00a0<\/a><a href=\"http:\/\/www.susyrottonara.com\/de\/in-sagenschloss-2013\">Gallery \u00a0 \u00a0<\/a><a href=\"http:\/\/www.susyrottonara.com\/de\/press-events\">PRESS<\/a><\/p>\n<h2 style=\"text-align: center;\"><strong>12\/08\/2012: Schloss Colz, Stern im Gadertal (BZ &#8211; S\u00fcdtirol):<\/strong><\/h2>\n<h4><span style=\"color: #800080;\"><strong>Musik, Literatur und Geschichte<\/strong> mit Opernarien von W.A.Mozart und Arien aus Fanes Poem Musical. Die Gestalten aus den ladinischen Sagen in den zauberhaften R\u00e4umen des Schlosses im Rahmen von Mythos, Geschichte und Musik.<\/span><\/h4>\n<p><a href=\"http:\/\/www.susyrottonara.com\/wp-content\/uploads\/2013\/08\/Nel-Castello-delle-leggende-2012-comunicato-Deutsch.pdf\"><img decoding=\"async\" class=\"wp-image-1617 alignleft\" src=\"http:\/\/www.susyrottonara.com\/wp-content\/uploads\/2013\/05\/Pressebild-Castello-web.jpg\" alt=\"Pressebild-Castello-web\" width=\"270\" height=\"385\" \/>Pressmitteilung <\/a><\/p>\n<p><a href=\"http:\/\/www.susyrottonara.com\/wp-content\/uploads\/2013\/05\/ciastel.pdf\">Plakat <\/a><\/p>\n<p><a href=\"http:\/\/www.susyrottonara.com\/wp-content\/uploads\/2013\/06\/programma-di-sala-nel-castello-delle-leggende.jpg\">Programmbuch <\/a><\/p>\n<p><a href=\"http:\/\/www.susyrottonara.com\/?p=3709\">Gallery <\/a>Fotos unter Gallery<\/p>\n<p><a href=\"http:\/\/www.susyrottonara.com\/de\/press-events\">PRESS<\/a><\/p>\n<h2><\/h2>\n<\/div><div class=\"fusion-clearfix\"><\/div><\/div><\/div><\/div><\/div>\n","protected":false},"excerpt":{"rendered":"","protected":false},"author":3,"featured_media":1617,"comment_status":"closed","ping_status":"closed","sticky":false,"template":"","format":"standard","meta":{"footnotes":""},"categories":[42],"tags":[],"class_list":["post-4699","post","type-post","status-publish","format-standard","has-post-thumbnail","hentry","category-events-und-projekte"],"yoast_head":"<!-- This site is optimized with the Yoast SEO plugin v25.8 - https:\/\/yoast.com\/wordpress\/plugins\/seo\/ -->\n<title>Im Sagenschloss - Opera highlights - Susy Rottonara<\/title>\n<meta name=\"robots\" content=\"index, follow, max-snippet:-1, max-image-preview:large, max-video-preview:-1\" \/>\n<link rel=\"canonical\" href=\"https:\/\/www.susyrottonara.com\/de\/im-sagenschloss-2\" \/>\n<meta property=\"og:locale\" content=\"de_DE\" \/>\n<meta property=\"og:type\" content=\"article\" \/>\n<meta property=\"og:title\" content=\"Im Sagenschloss - Opera highlights - Susy Rottonara\" \/>\n<meta property=\"og:url\" content=\"https:\/\/www.susyrottonara.com\/de\/im-sagenschloss-2\" \/>\n<meta property=\"og:site_name\" content=\"Susy Rottonara\" \/>\n<meta property=\"article:published_time\" content=\"2013-07-05T17:06:56+00:00\" \/>\n<meta property=\"article:modified_time\" content=\"2025-06-10T15:25:48+00:00\" \/>\n<meta property=\"og:image\" content=\"https:\/\/www.susyrottonara.com\/wp-content\/uploads\/2013\/05\/Pressebild-Castello-web.jpg\" \/>\n\t<meta property=\"og:image:width\" content=\"385\" \/>\n\t<meta property=\"og:image:height\" content=\"550\" \/>\n\t<meta property=\"og:image:type\" content=\"image\/jpeg\" \/>\n<meta name=\"author\" content=\"ADVstudio.it\" \/>\n<meta name=\"twitter:card\" content=\"summary_large_image\" \/>\n<meta name=\"twitter:label1\" content=\"Verfasst von\" \/>\n\t<meta name=\"twitter:data1\" content=\"ADVstudio.it\" \/>\n\t<meta name=\"twitter:label2\" content=\"Gesch\u00e4tzte Lesezeit\" \/>\n\t<meta name=\"twitter:data2\" content=\"4 minutes\" \/>\n<script type=\"application\/ld+json\" class=\"yoast-schema-graph\">{\"@context\":\"https:\/\/schema.org\",\"@graph\":[{\"@type\":\"WebPage\",\"@id\":\"https:\/\/www.susyrottonara.com\/de\/im-sagenschloss-2\",\"url\":\"https:\/\/www.susyrottonara.com\/de\/im-sagenschloss-2\",\"name\":\"Im Sagenschloss - Opera highlights - Susy Rottonara\",\"isPartOf\":{\"@id\":\"https:\/\/www.susyrottonara.com\/#website\"},\"primaryImageOfPage\":{\"@id\":\"https:\/\/www.susyrottonara.com\/de\/im-sagenschloss-2#primaryimage\"},\"image\":{\"@id\":\"https:\/\/www.susyrottonara.com\/de\/im-sagenschloss-2#primaryimage\"},\"thumbnailUrl\":\"https:\/\/www.susyrottonara.com\/wp-content\/uploads\/2013\/05\/Pressebild-Castello-web.jpg\",\"datePublished\":\"2013-07-05T17:06:56+00:00\",\"dateModified\":\"2025-06-10T15:25:48+00:00\",\"author\":{\"@id\":\"https:\/\/www.susyrottonara.com\/#\/schema\/person\/c715f5641b214137cef5e376caae214e\"},\"breadcrumb\":{\"@id\":\"https:\/\/www.susyrottonara.com\/de\/im-sagenschloss-2#breadcrumb\"},\"inLanguage\":\"de-DE\",\"potentialAction\":[{\"@type\":\"ReadAction\",\"target\":[\"https:\/\/www.susyrottonara.com\/de\/im-sagenschloss-2\"]}]},{\"@type\":\"ImageObject\",\"inLanguage\":\"de-DE\",\"@id\":\"https:\/\/www.susyrottonara.com\/de\/im-sagenschloss-2#primaryimage\",\"url\":\"https:\/\/www.susyrottonara.com\/wp-content\/uploads\/2013\/05\/Pressebild-Castello-web.jpg\",\"contentUrl\":\"https:\/\/www.susyrottonara.com\/wp-content\/uploads\/2013\/05\/Pressebild-Castello-web.jpg\",\"width\":385,\"height\":550},{\"@type\":\"BreadcrumbList\",\"@id\":\"https:\/\/www.susyrottonara.com\/de\/im-sagenschloss-2#breadcrumb\",\"itemListElement\":[{\"@type\":\"ListItem\",\"position\":1,\"name\":\"Home\",\"item\":\"https:\/\/www.susyrottonara.com\/de\"},{\"@type\":\"ListItem\",\"position\":2,\"name\":\"Im Sagenschloss &#8211; Opera highlights\"}]},{\"@type\":\"WebSite\",\"@id\":\"https:\/\/www.susyrottonara.com\/#website\",\"url\":\"https:\/\/www.susyrottonara.com\/\",\"name\":\"Susy Rottonara\",\"description\":\"\",\"potentialAction\":[{\"@type\":\"SearchAction\",\"target\":{\"@type\":\"EntryPoint\",\"urlTemplate\":\"https:\/\/www.susyrottonara.com\/?s={search_term_string}\"},\"query-input\":{\"@type\":\"PropertyValueSpecification\",\"valueRequired\":true,\"valueName\":\"search_term_string\"}}],\"inLanguage\":\"de-DE\"},{\"@type\":\"Person\",\"@id\":\"https:\/\/www.susyrottonara.com\/#\/schema\/person\/c715f5641b214137cef5e376caae214e\",\"name\":\"ADVstudio.it\",\"image\":{\"@type\":\"ImageObject\",\"inLanguage\":\"de-DE\",\"@id\":\"https:\/\/www.susyrottonara.com\/#\/schema\/person\/image\/\",\"url\":\"https:\/\/secure.gravatar.com\/avatar\/81343315bb736757eb81d938e3344500c1f5cecbccf523d6f0a63b92a06b6ef5?s=96&d=mm&r=g\",\"contentUrl\":\"https:\/\/secure.gravatar.com\/avatar\/81343315bb736757eb81d938e3344500c1f5cecbccf523d6f0a63b92a06b6ef5?s=96&d=mm&r=g\",\"caption\":\"ADVstudio.it\"},\"sameAs\":[\"http:\/\/www.advstudio.it\"],\"url\":\"https:\/\/www.susyrottonara.com\/de\/author\/advstudio-it\"}]}<\/script>\n<!-- \/ Yoast SEO plugin. -->","yoast_head_json":{"title":"Im Sagenschloss - Opera highlights - Susy Rottonara","robots":{"index":"index","follow":"follow","max-snippet":"max-snippet:-1","max-image-preview":"max-image-preview:large","max-video-preview":"max-video-preview:-1"},"canonical":"https:\/\/www.susyrottonara.com\/de\/im-sagenschloss-2","og_locale":"de_DE","og_type":"article","og_title":"Im Sagenschloss - Opera highlights - Susy Rottonara","og_url":"https:\/\/www.susyrottonara.com\/de\/im-sagenschloss-2","og_site_name":"Susy Rottonara","article_published_time":"2013-07-05T17:06:56+00:00","article_modified_time":"2025-06-10T15:25:48+00:00","og_image":[{"width":385,"height":550,"url":"https:\/\/www.susyrottonara.com\/wp-content\/uploads\/2013\/05\/Pressebild-Castello-web.jpg","type":"image\/jpeg"}],"author":"ADVstudio.it","twitter_card":"summary_large_image","twitter_misc":{"Verfasst von":"ADVstudio.it","Gesch\u00e4tzte Lesezeit":"4 minutes"},"schema":{"@context":"https:\/\/schema.org","@graph":[{"@type":"WebPage","@id":"https:\/\/www.susyrottonara.com\/de\/im-sagenschloss-2","url":"https:\/\/www.susyrottonara.com\/de\/im-sagenschloss-2","name":"Im Sagenschloss - Opera highlights - Susy Rottonara","isPartOf":{"@id":"https:\/\/www.susyrottonara.com\/#website"},"primaryImageOfPage":{"@id":"https:\/\/www.susyrottonara.com\/de\/im-sagenschloss-2#primaryimage"},"image":{"@id":"https:\/\/www.susyrottonara.com\/de\/im-sagenschloss-2#primaryimage"},"thumbnailUrl":"https:\/\/www.susyrottonara.com\/wp-content\/uploads\/2013\/05\/Pressebild-Castello-web.jpg","datePublished":"2013-07-05T17:06:56+00:00","dateModified":"2025-06-10T15:25:48+00:00","author":{"@id":"https:\/\/www.susyrottonara.com\/#\/schema\/person\/c715f5641b214137cef5e376caae214e"},"breadcrumb":{"@id":"https:\/\/www.susyrottonara.com\/de\/im-sagenschloss-2#breadcrumb"},"inLanguage":"de-DE","potentialAction":[{"@type":"ReadAction","target":["https:\/\/www.susyrottonara.com\/de\/im-sagenschloss-2"]}]},{"@type":"ImageObject","inLanguage":"de-DE","@id":"https:\/\/www.susyrottonara.com\/de\/im-sagenschloss-2#primaryimage","url":"https:\/\/www.susyrottonara.com\/wp-content\/uploads\/2013\/05\/Pressebild-Castello-web.jpg","contentUrl":"https:\/\/www.susyrottonara.com\/wp-content\/uploads\/2013\/05\/Pressebild-Castello-web.jpg","width":385,"height":550},{"@type":"BreadcrumbList","@id":"https:\/\/www.susyrottonara.com\/de\/im-sagenschloss-2#breadcrumb","itemListElement":[{"@type":"ListItem","position":1,"name":"Home","item":"https:\/\/www.susyrottonara.com\/de"},{"@type":"ListItem","position":2,"name":"Im Sagenschloss &#8211; Opera highlights"}]},{"@type":"WebSite","@id":"https:\/\/www.susyrottonara.com\/#website","url":"https:\/\/www.susyrottonara.com\/","name":"Susy Rottonara","description":"","potentialAction":[{"@type":"SearchAction","target":{"@type":"EntryPoint","urlTemplate":"https:\/\/www.susyrottonara.com\/?s={search_term_string}"},"query-input":{"@type":"PropertyValueSpecification","valueRequired":true,"valueName":"search_term_string"}}],"inLanguage":"de-DE"},{"@type":"Person","@id":"https:\/\/www.susyrottonara.com\/#\/schema\/person\/c715f5641b214137cef5e376caae214e","name":"ADVstudio.it","image":{"@type":"ImageObject","inLanguage":"de-DE","@id":"https:\/\/www.susyrottonara.com\/#\/schema\/person\/image\/","url":"https:\/\/secure.gravatar.com\/avatar\/81343315bb736757eb81d938e3344500c1f5cecbccf523d6f0a63b92a06b6ef5?s=96&d=mm&r=g","contentUrl":"https:\/\/secure.gravatar.com\/avatar\/81343315bb736757eb81d938e3344500c1f5cecbccf523d6f0a63b92a06b6ef5?s=96&d=mm&r=g","caption":"ADVstudio.it"},"sameAs":["http:\/\/www.advstudio.it"],"url":"https:\/\/www.susyrottonara.com\/de\/author\/advstudio-it"}]}},"_links":{"self":[{"href":"https:\/\/www.susyrottonara.com\/de\/wp-json\/wp\/v2\/posts\/4699","targetHints":{"allow":["GET"]}}],"collection":[{"href":"https:\/\/www.susyrottonara.com\/de\/wp-json\/wp\/v2\/posts"}],"about":[{"href":"https:\/\/www.susyrottonara.com\/de\/wp-json\/wp\/v2\/types\/post"}],"author":[{"embeddable":true,"href":"https:\/\/www.susyrottonara.com\/de\/wp-json\/wp\/v2\/users\/3"}],"replies":[{"embeddable":true,"href":"https:\/\/www.susyrottonara.com\/de\/wp-json\/wp\/v2\/comments?post=4699"}],"version-history":[{"count":10,"href":"https:\/\/www.susyrottonara.com\/de\/wp-json\/wp\/v2\/posts\/4699\/revisions"}],"predecessor-version":[{"id":11051,"href":"https:\/\/www.susyrottonara.com\/de\/wp-json\/wp\/v2\/posts\/4699\/revisions\/11051"}],"wp:featuredmedia":[{"embeddable":true,"href":"https:\/\/www.susyrottonara.com\/de\/wp-json\/wp\/v2\/media\/1617"}],"wp:attachment":[{"href":"https:\/\/www.susyrottonara.com\/de\/wp-json\/wp\/v2\/media?parent=4699"}],"wp:term":[{"taxonomy":"category","embeddable":true,"href":"https:\/\/www.susyrottonara.com\/de\/wp-json\/wp\/v2\/categories?post=4699"},{"taxonomy":"post_tag","embeddable":true,"href":"https:\/\/www.susyrottonara.com\/de\/wp-json\/wp\/v2\/tags?post=4699"}],"curies":[{"name":"wp","href":"https:\/\/api.w.org\/{rel}","templated":true}]}}