{"id":4712,"date":"2013-07-08T14:22:10","date_gmt":"2013-07-08T12:22:10","guid":{"rendered":"http:\/\/www.susyrottonara.com\/press-awards"},"modified":"2024-02-15T16:14:10","modified_gmt":"2024-02-15T15:14:10","slug":"press-awards","status":"publish","type":"post","link":"https:\/\/www.susyrottonara.com\/en\/press-awards","title":{"rendered":"Press Awards"},"content":{"rendered":"<div class=\"fusion-fullwidth fullwidth-box fusion-builder-row-1 hundred-percent-fullwidth non-hundred-percent-height-scrolling\" style=\"background-color: rgba(255,255,255,0);background-position: center center;background-repeat: no-repeat;padding-top:0px;padding-right:0px;padding-bottom:0px;padding-left:0px;margin-bottom: 0px;margin-top: 0px;border-width: 0px 0px 0px 0px;border-color:#eae9e9;border-style:solid;\" ><div class=\"fusion-builder-row fusion-row\"><div class=\"fusion-layout-column fusion_builder_column fusion-builder-column-0 fusion_builder_column_1_1 1_1 fusion-one-full fusion-column-first fusion-column-last fusion-column-no-min-height\" style=\"margin-top:0px;margin-bottom:0px;\"><div class=\"fusion-column-wrapper fusion-flex-column-wrapper-legacy\" style=\"background-position:left top;background-repeat:no-repeat;-webkit-background-size:cover;-moz-background-size:cover;-o-background-size:cover;background-size:cover;padding: 0px 0px 0px 0px;\"><div class=\"fusion-text fusion-text-1\"><p><b><img decoding=\"async\" class=\"size-medium wp-image-8491 alignleft\" src=\"https:\/\/www.susyrottonara.com\/wp-content\/uploads\/The-Magazine-Susy-Rottonara-290x300.jpg\" alt=\"\" width=\"290\" height=\"300\" srcset=\"https:\/\/www.susyrottonara.com\/wp-content\/uploads\/The-Magazine-Susy-Rottonara-145x150.jpg 145w, https:\/\/www.susyrottonara.com\/wp-content\/uploads\/The-Magazine-Susy-Rottonara-200x207.jpg 200w, https:\/\/www.susyrottonara.com\/wp-content\/uploads\/The-Magazine-Susy-Rottonara-290x300.jpg 290w, https:\/\/www.susyrottonara.com\/wp-content\/uploads\/The-Magazine-Susy-Rottonara-400x413.jpg 400w, https:\/\/www.susyrottonara.com\/wp-content\/uploads\/The-Magazine-Susy-Rottonara-600x620.jpg 600w, https:\/\/www.susyrottonara.com\/wp-content\/uploads\/The-Magazine-Susy-Rottonara-768x794.jpg 768w, https:\/\/www.susyrottonara.com\/wp-content\/uploads\/The-Magazine-Susy-Rottonara-800x827.jpg 800w, https:\/\/www.susyrottonara.com\/wp-content\/uploads\/The-Magazine-Susy-Rottonara.jpg 960w\" sizes=\"(max-width: 290px) 100vw, 290px\" \/>National and international Television and Radio<\/b><\/p>\n<p><a href=\"https:\/\/www.susyrottonara.com\/en\/rai-tv-productions-ladin-legends\">RAI Uno, RAI Due,<\/a> RAI TV e Radio Ladinia, RAI e Radio Sender Bozen, RAI e Radio regionale del Trentino Alto Adige, Video Bolzano 33, RAI International, TML \u2013 Tele Minoranze Linguistiche, TCA, S\u00fcdtirol Heute \u2013 ORF, Radju Malta.<\/p>\n<p><b>National and local press<\/b><\/p>\n<p><b><\/b>Il Corriere della sera\/Il Corriere dell\u2019Alto Adige, Alto Adige, L\u2019Adige, Il Giornale, Dolomiten, Die S\u00fcdtiroler Tageszeitung, Die Neue S\u00fcdtiroler Tageszeitung,\u00a0 FF-Das S\u00fcdtiroler Wochenmagazin, In-S\u00fcdtirol, Die S\u00fcdtirolerin, L\u2019Avisio, La Usc di Ladins, Gana, Enrosadira, <span style=\"color: #993366;\"><a style=\"color: #993366;\" href=\"https:\/\/www.montagna.tv\/26585\/leggenda-di-fanes-il-film\/\">Meridiani Montagne<\/a><\/span>.<\/p>\n<p><strong>International press\u00a0<\/strong><\/p>\n<p><a href=\"https:\/\/timesofmalta.com\/articles\/view\/When-the-arts-meet-Italian-gastronomy.512996\"><span style=\"color: #993366;\">The Sunday Times of Malta<\/span><\/a><span style=\"color: #993366;\">,<\/span> The Malta Independent, l-orizzont, <a href=\"http:\/\/calitreview.com\/604\/notes-from-italy-a-homer-of-the-dolomites\/\">California Literary Review<\/a>, <span style=\"color: #993366;\"><a style=\"color: #993366;\" href=\"https:\/\/www.susyrottonara.com\/wp-content\/uploads\/Die-Neue-Bildpost.jpg\">Die Neue Bildpost<\/a><\/span>, Servus Magazin<\/p>\n<p><strong>Magazines and dedicated reports online:<\/strong> <a href=\"https:\/\/www.susyrottonara.com\/wp-content\/uploads\/Screenshot-articolo-intero.jpg\">Music and Stars Magazine<\/a>, <a href=\"https:\/\/www.susyrottonara.com\/ottobre-2020-protagonista-su-the-pink-backbone-affari-da-donne-donne-daffari\">The Pink Backbone -Affari di donne\/Donne d&#8217;affari<\/a><\/p>\n<p><a href=\"https:\/\/www.fashionluxury.info\/it\/moda\/2021\/09\/22\/haute-art-couture-by-rott-alla-milano-fashion-week\/\"><span style=\"color: #993366;\">Fashionluxury<\/span><\/a><span style=\"color: #993366;\">, <a style=\"color: #993366;\" href=\"https:\/\/www.fashionluxury.info\/en\/arts-is-culture\/2023\/03\/08\/rott-art-and-music-at-the-milan-fashion-week\/\">Fashionluxury (Fashion Art and More)<\/a><\/span><\/p>\n<\/div><div class=\"fusion-text fusion-text-2\"><div id=\"jig1\" class=\"justified-image-grid jig-a6d128a48402ffc3431fd53d759acc03 jig-preset-15 jig-source-wp-gallery\"><div class=\"jig-clearfix\"><\/div><noscript id=\"jig1-html\" class=\"justified-image-grid-html\" data-lazy-src=\"skiplazyload\" data-src=\"skipunveillazyload\"><ul><li><a href=\"https:\/\/www.susyrottonara.com\/wp-content\/uploads\/Global-Music-Awards-Alto-Adige-rid-1024x421.jpg\"><img decoding=\"async\" src=\"https:\/\/www.susyrottonara.com\/wp-content\/plugins\/justified-image-grid\/timthumb.php?src=https%3A%2F%2Fwww.susyrottonara.com%2Fwp-content%2Fuploads%2FGlobal-Music-Awards-Alto-Adige-rid-1024x421.jpg&amp;h=230&amp;q=90&amp;f=.jpg\" alt=\"Global Music Awards Alto Adige rid\" width=\"559\" height=\"230\" \/><\/a><p class=\"jig-HTMLdescription\">Global Music Awards Alto Adige rid<\/p><\/li><li><a href=\"https:\/\/www.susyrottonara.com\/wp-content\/uploads\/Die-Neue-S\u00fcdtiroler-Tageszeitung-Global-Music-Awards-rid.jpg\"><img decoding=\"async\" src=\"https:\/\/www.susyrottonara.com\/wp-content\/plugins\/justified-image-grid\/timthumb.php?src=https%3A%2F%2Fwww.susyrottonara.com%2Fwp-content%2Fuploads%2FDie-Neue-S%C3%BCdtiroler-Tageszeitung-Global-Music-Awards-rid.jpg&amp;h=230&amp;q=90&amp;f=.jpg\" alt=\"Die Neue S\u00fcdtiroler Tageszeitung Global Music Awards rid\" width=\"172\" height=\"230\" \/><\/a><p class=\"jig-HTMLdescription\">Die Neue S\u00fcdtiroler Tageszeitung Global Music Awards rid<\/p><\/li><li><a href=\"https:\/\/www.susyrottonara.com\/wp-content\/uploads\/Dolomiten-Global-Music-Awards-rid.jpg\"><img decoding=\"async\" src=\"https:\/\/www.susyrottonara.com\/wp-content\/plugins\/justified-image-grid\/timthumb.php?src=https%3A%2F%2Fwww.susyrottonara.com%2Fwp-content%2Fuploads%2FDolomiten-Global-Music-Awards-rid.jpg&amp;h=230&amp;q=90&amp;f=.jpg\" alt=\"Dolomiten Global Music Awards rid\" width=\"166\" height=\"230\" \/><\/a><p class=\"jig-HTMLdescription\">Dolomiten Global Music Awards rid<\/p><\/li><li><a href=\"https:\/\/www.susyrottonara.com\/wp-content\/uploads\/Global-Music-Awards-La-Usc-di-Ladins-1024x466.jpg\"><img decoding=\"async\" src=\"https:\/\/www.susyrottonara.com\/wp-content\/plugins\/justified-image-grid\/timthumb.php?src=https%3A%2F%2Fwww.susyrottonara.com%2Fwp-content%2Fuploads%2FGlobal-Music-Awards-La-Usc-di-Ladins-1024x466.jpg&amp;h=230&amp;q=90&amp;f=.jpg\" alt=\"Global Music Awards La Usc di Ladins\" width=\"505\" height=\"230\" \/><\/a><p class=\"jig-HTMLdescription\">Global Music Awards La Usc di Ladins<\/p><\/li><li><a href=\"https:\/\/www.susyrottonara.com\/wp-content\/uploads\/2013\/07\/1a-Il-Corriere-della-Sera-Il-Corriere-dell-Alto-Adige-Capitale-Europea-768x1024.jpg\"><img decoding=\"async\" src=\"https:\/\/www.susyrottonara.com\/wp-content\/plugins\/justified-image-grid\/timthumb.php?src=https%3A%2F%2Fwww.susyrottonara.com%2Fwp-content%2Fuploads%2F2013%2F07%2F1a-Il-Corriere-della-Sera-Il-Corriere-dell-Alto-Adige-Capitale-Europea-768x1024.jpg&amp;h=230&amp;q=90&amp;f=.jpg\" alt=\"1a Il Corriere della Sera-Il Corriere dell&#039; Alto Adige-Capitale Europea\" width=\"172\" height=\"230\" \/><\/a><p class=\"jig-HTMLdescription\">1a Il Corriere della Sera-Il Corriere dell&#039; Alto Adige-Capitale Europea<\/p><\/li><li><a href=\"https:\/\/www.susyrottonara.com\/wp-content\/uploads\/2013\/07\/1b-Alto-Adige-Capitale-Europea-768x1024.jpg\"><img decoding=\"async\" src=\"https:\/\/www.susyrottonara.com\/wp-content\/plugins\/justified-image-grid\/timthumb.php?src=https%3A%2F%2Fwww.susyrottonara.com%2Fwp-content%2Fuploads%2F2013%2F07%2F1b-Alto-Adige-Capitale-Europea-768x1024.jpg&amp;h=230&amp;q=90&amp;f=.jpg\" alt=\"1b Alto Adige-Capitale Europea\" width=\"172\" height=\"230\" \/><\/a><p class=\"jig-HTMLdescription\">1b Alto Adige-Capitale Europea<\/p><\/li><li><a href=\"https:\/\/www.susyrottonara.com\/wp-content\/uploads\/2013\/07\/1c-Alto-Adige-Capitale-Europea-768x1024.jpg\"><img decoding=\"async\" src=\"https:\/\/www.susyrottonara.com\/wp-content\/plugins\/justified-image-grid\/timthumb.php?src=https%3A%2F%2Fwww.susyrottonara.com%2Fwp-content%2Fuploads%2F2013%2F07%2F1c-Alto-Adige-Capitale-Europea-768x1024.jpg&amp;h=230&amp;q=90&amp;f=.jpg\" alt=\"1c Alto Adige-Capitale Europea\" width=\"172\" height=\"230\" \/><\/a><p class=\"jig-HTMLdescription\">1c Alto Adige-Capitale Europea<\/p><\/li><li><a href=\"https:\/\/www.susyrottonara.com\/wp-content\/uploads\/2013\/07\/1d-Die-Su\u0308dtiroler-Tageszeitung-Capitale-Europea-1024x768.jpg\"><img decoding=\"async\" src=\"https:\/\/www.susyrottonara.com\/wp-content\/plugins\/justified-image-grid\/timthumb.php?src=https%3A%2F%2Fwww.susyrottonara.com%2Fwp-content%2Fuploads%2F2013%2F07%2F1d-Die-Su%CC%88dtiroler-Tageszeitung-Capitale-Europea-1024x768.jpg&amp;h=230&amp;q=90&amp;f=.jpg\" alt=\"1d Die Su\u0308dtiroler Tageszeitung-Capitale Europea\" width=\"306\" height=\"230\" \/><\/a><p class=\"jig-HTMLdescription\">1d Die Su\u0308dtiroler Tageszeitung-Capitale Europea<\/p><\/li><li><a href=\"https:\/\/www.susyrottonara.com\/wp-content\/uploads\/2013\/07\/2a-Alto-Adige\u2013WAMMTU-Festival.jpg\"><img decoding=\"async\" src=\"https:\/\/www.susyrottonara.com\/wp-content\/plugins\/justified-image-grid\/timthumb.php?src=https%3A%2F%2Fwww.susyrottonara.com%2Fwp-content%2Fuploads%2F2013%2F07%2F2a-Alto-Adige%E2%80%93WAMMTU-Festival.jpg&amp;h=230&amp;q=90&amp;f=.jpg\" alt=\"2a Alto Adige\u2013WAMMTU Festival\" width=\"306\" height=\"230\" \/><\/a><p class=\"jig-HTMLdescription\">2a Alto Adige\u2013WAMMTU Festival<\/p><\/li><li><a href=\"https:\/\/www.susyrottonara.com\/wp-content\/uploads\/2013\/07\/2b-Alto-Adige\u2013WAMMTU-Festival-767x1024.jpg\"><img decoding=\"async\" src=\"https:\/\/www.susyrottonara.com\/wp-content\/plugins\/justified-image-grid\/timthumb.php?src=https%3A%2F%2Fwww.susyrottonara.com%2Fwp-content%2Fuploads%2F2013%2F07%2F2b-Alto-Adige%E2%80%93WAMMTU-Festival-767x1024.jpg&amp;h=230&amp;q=90&amp;f=.jpg\" alt=\"2b Alto Adige\u2013WAMMTU Festival\" width=\"172\" height=\"230\" \/><\/a><p class=\"jig-HTMLdescription\">2b Alto Adige\u2013WAMMTU Festival<\/p><\/li><li><a href=\"https:\/\/www.susyrottonara.com\/wp-content\/uploads\/2013\/07\/2c-Dolomiten\u2013WAMMTU-Festival-767x1024.jpg\"><img decoding=\"async\" src=\"https:\/\/www.susyrottonara.com\/wp-content\/plugins\/justified-image-grid\/timthumb.php?src=https%3A%2F%2Fwww.susyrottonara.com%2Fwp-content%2Fuploads%2F2013%2F07%2F2c-Dolomiten%E2%80%93WAMMTU-Festival-767x1024.jpg&amp;h=230&amp;q=90&amp;f=.jpg\" alt=\"2c Dolomiten\u2013WAMMTU Festival\" width=\"172\" height=\"230\" \/><\/a><p class=\"jig-HTMLdescription\">2c Dolomiten\u2013WAMMTU Festival<\/p><\/li><li><a href=\"https:\/\/www.susyrottonara.com\/wp-content\/uploads\/2013\/07\/2d-Dolomiten\u2013WAMMTU-Festival-767x1024.jpg\"><img decoding=\"async\" src=\"https:\/\/www.susyrottonara.com\/wp-content\/plugins\/justified-image-grid\/timthumb.php?src=https%3A%2F%2Fwww.susyrottonara.com%2Fwp-content%2Fuploads%2F2013%2F07%2F2d-Dolomiten%E2%80%93WAMMTU-Festival-767x1024.jpg&amp;h=230&amp;q=90&amp;f=.jpg\" alt=\"2d Dolomiten\u2013WAMMTU Festival\" width=\"172\" height=\"230\" \/><\/a><p class=\"jig-HTMLdescription\">2d Dolomiten\u2013WAMMTU Festival<\/p><\/li><li><a href=\"https:\/\/www.susyrottonara.com\/wp-content\/uploads\/2013\/07\/2e-La-Usc-di-ladins\u2013WAMMTU-Festival.jpg\"><img decoding=\"async\" src=\"https:\/\/www.susyrottonara.com\/wp-content\/plugins\/justified-image-grid\/timthumb.php?src=https%3A%2F%2Fwww.susyrottonara.com%2Fwp-content%2Fuploads%2F2013%2F07%2F2e-La-Usc-di-ladins%E2%80%93WAMMTU-Festival.jpg&amp;h=230&amp;q=90&amp;f=.jpg\" alt=\"2e La Usc di ladins\u2013WAMMTU Festival\" width=\"306\" height=\"230\" \/><\/a><p class=\"jig-HTMLdescription\">2e La Usc di ladins\u2013WAMMTU Festival<\/p><\/li><li><a href=\"https:\/\/www.susyrottonara.com\/wp-content\/uploads\/2013\/07\/2f-In\u2013Su\u0308dtirol-WAMMTU-Festival-767x1024.jpg\"><img decoding=\"async\" src=\"https:\/\/www.susyrottonara.com\/wp-content\/plugins\/justified-image-grid\/timthumb.php?src=https%3A%2F%2Fwww.susyrottonara.com%2Fwp-content%2Fuploads%2F2013%2F07%2F2f-In%E2%80%93Su%CC%88dtirol-WAMMTU-Festival-767x1024.jpg&amp;h=230&amp;q=90&amp;f=.jpg\" alt=\"2f In\u2013Su\u0308dtirol-WAMMTU Festival\" width=\"172\" height=\"230\" \/><\/a><p class=\"jig-HTMLdescription\">2f In\u2013Su\u0308dtirol-WAMMTU Festival<\/p><\/li><li><a href=\"https:\/\/www.susyrottonara.com\/wp-content\/uploads\/2013\/07\/3a-Alto-Adige\u2013Album-Grammy-767x1024.jpg\"><img decoding=\"async\" src=\"https:\/\/www.susyrottonara.com\/wp-content\/plugins\/justified-image-grid\/timthumb.php?src=https%3A%2F%2Fwww.susyrottonara.com%2Fwp-content%2Fuploads%2F2013%2F07%2F3a-Alto-Adige%E2%80%93Album-Grammy-767x1024.jpg&amp;h=230&amp;q=90&amp;f=.jpg\" alt=\"3a Alto Adige\u2013Album Grammy\" width=\"172\" height=\"230\" \/><\/a><p class=\"jig-HTMLdescription\">3a Alto Adige\u2013Album Grammy<\/p><\/li><li><a href=\"https:\/\/www.susyrottonara.com\/wp-content\/uploads\/2013\/07\/3b-Die-Su\u0308dtiroler-Tageszeitung\u2013Album-Grammy-767x1024.jpg\"><img decoding=\"async\" src=\"https:\/\/www.susyrottonara.com\/wp-content\/plugins\/justified-image-grid\/timthumb.php?src=https%3A%2F%2Fwww.susyrottonara.com%2Fwp-content%2Fuploads%2F2013%2F07%2F3b-Die-Su%CC%88dtiroler-Tageszeitung%E2%80%93Album-Grammy-767x1024.jpg&amp;h=230&amp;q=90&amp;f=.jpg\" alt=\"3b Die Su\u0308dtiroler Tageszeitung\u2013Album Grammy\" width=\"172\" height=\"230\" \/><\/a><p class=\"jig-HTMLdescription\">3b Die Su\u0308dtiroler Tageszeitung\u2013Album Grammy<\/p><\/li><li><a href=\"https:\/\/www.susyrottonara.com\/wp-content\/uploads\/2013\/07\/3c-Enrosadira\u2013Album-Grammy.jpg\"><img decoding=\"async\" src=\"https:\/\/www.susyrottonara.com\/wp-content\/plugins\/justified-image-grid\/timthumb.php?src=https%3A%2F%2Fwww.susyrottonara.com%2Fwp-content%2Fuploads%2F2013%2F07%2F3c-Enrosadira%E2%80%93Album-Grammy.jpg&amp;h=230&amp;q=90&amp;f=.jpg\" alt=\"3c Enrosadira\u2013Album Grammy\" width=\"306\" height=\"230\" \/><\/a><p class=\"jig-HTMLdescription\">3c Enrosadira\u2013Album Grammy<\/p><\/li><li><a href=\"https:\/\/www.susyrottonara.com\/wp-content\/uploads\/2013\/07\/3d-Noeles\u2013Album-Grammy-767x1024.jpg\"><img decoding=\"async\" src=\"https:\/\/www.susyrottonara.com\/wp-content\/plugins\/justified-image-grid\/timthumb.php?src=https%3A%2F%2Fwww.susyrottonara.com%2Fwp-content%2Fuploads%2F2013%2F07%2F3d-Noeles%E2%80%93Album-Grammy-767x1024.jpg&amp;h=230&amp;q=90&amp;f=.jpg\" alt=\"3d Noeles\u2013Album Grammy\" width=\"172\" height=\"230\" \/><\/a><p class=\"jig-HTMLdescription\">3d Noeles\u2013Album Grammy<\/p><\/li><li><a href=\"https:\/\/www.susyrottonara.com\/wp-content\/uploads\/2013\/07\/4a-Alto-Adige\u2013Los-Angeles-Festival-767x1024.jpg\"><img decoding=\"async\" src=\"https:\/\/www.susyrottonara.com\/wp-content\/plugins\/justified-image-grid\/timthumb.php?src=https%3A%2F%2Fwww.susyrottonara.com%2Fwp-content%2Fuploads%2F2013%2F07%2F4a-Alto-Adige%E2%80%93Los-Angeles-Festival-767x1024.jpg&amp;h=230&amp;q=90&amp;f=.jpg\" alt=\"4a Alto Adige\u2013Los Angeles Festival\" width=\"172\" height=\"230\" \/><\/a><p class=\"jig-HTMLdescription\">4a Alto Adige\u2013Los Angeles Festival<\/p><\/li><li><a href=\"https:\/\/www.susyrottonara.com\/wp-content\/uploads\/2013\/07\/4b-La-Usc-di-Ladins\u2013Los-Angeles-Festival-767x1024.jpg\"><img decoding=\"async\" src=\"https:\/\/www.susyrottonara.com\/wp-content\/plugins\/justified-image-grid\/timthumb.php?src=https%3A%2F%2Fwww.susyrottonara.com%2Fwp-content%2Fuploads%2F2013%2F07%2F4b-La-Usc-di-Ladins%E2%80%93Los-Angeles-Festival-767x1024.jpg&amp;h=230&amp;q=90&amp;f=.jpg\" alt=\"4b La Usc di Ladins\u2013Los Angeles Festival\" width=\"172\" height=\"230\" \/><\/a><p class=\"jig-HTMLdescription\">4b La Usc di Ladins\u2013Los Angeles Festival<\/p><\/li><li><a href=\"https:\/\/www.susyrottonara.com\/wp-content\/uploads\/2013\/07\/4c-Die-Su\u0308dtiroler-Tageszeitung\u2013Los-Angeles-Festival.jpg\"><img decoding=\"async\" src=\"https:\/\/www.susyrottonara.com\/wp-content\/plugins\/justified-image-grid\/timthumb.php?src=https%3A%2F%2Fwww.susyrottonara.com%2Fwp-content%2Fuploads%2F2013%2F07%2F4c-Die-Su%CC%88dtiroler-Tageszeitung%E2%80%93Los-Angeles-Festival.jpg&amp;h=230&amp;q=90&amp;f=.jpg\" alt=\"4c Die Su\u0308dtiroler Tageszeitung\u2013Los Angeles Festival\" width=\"306\" height=\"230\" \/><\/a><p class=\"jig-HTMLdescription\">4c Die Su\u0308dtiroler Tageszeitung\u2013Los Angeles Festival<\/p><\/li><li><a href=\"https:\/\/www.susyrottonara.com\/wp-content\/uploads\/2013\/07\/4d-Il-Corriere-della-Sera-Il-Corriere-del\u2019-Alto-Adige\u2013Los-Angeles-Festival-767x1024.jpg\"><img decoding=\"async\" src=\"https:\/\/www.susyrottonara.com\/wp-content\/plugins\/justified-image-grid\/timthumb.php?src=https%3A%2F%2Fwww.susyrottonara.com%2Fwp-content%2Fuploads%2F2013%2F07%2F4d-Il-Corriere-della-Sera-Il-Corriere-del%E2%80%99-Alto-Adige%E2%80%93Los-Angeles-Festival-767x1024.jpg&amp;h=230&amp;q=90&amp;f=.jpg\" alt=\"4d Il Corriere della Sera  Il Corriere del\u2019 Alto Adige\u2013Los Angeles Festival\" width=\"172\" height=\"230\" \/><\/a><p class=\"jig-HTMLdescription\">4d Il Corriere della Sera  Il Corriere del\u2019 Alto Adige\u2013Los Angeles Festival<\/p><\/li><li><a href=\"https:\/\/www.susyrottonara.com\/wp-content\/uploads\/2013\/07\/4e-Dolomiten\u2013Los-Angeles-Festival.jpg\"><img decoding=\"async\" src=\"https:\/\/www.susyrottonara.com\/wp-content\/plugins\/justified-image-grid\/timthumb.php?src=https%3A%2F%2Fwww.susyrottonara.com%2Fwp-content%2Fuploads%2F2013%2F07%2F4e-Dolomiten%E2%80%93Los-Angeles-Festival.jpg&amp;h=230&amp;q=90&amp;f=.jpg\" alt=\"4e Dolomiten\u2013Los Angeles Festival\" width=\"306\" height=\"230\" \/><\/a><p class=\"jig-HTMLdescription\">4e Dolomiten\u2013Los Angeles Festival<\/p><\/li><li><a href=\"https:\/\/www.susyrottonara.com\/wp-content\/uploads\/2013\/07\/4f-Dolomiten\u2013Los-Angeles-Festival.jpg\"><img decoding=\"async\" src=\"https:\/\/www.susyrottonara.com\/wp-content\/plugins\/justified-image-grid\/timthumb.php?src=https%3A%2F%2Fwww.susyrottonara.com%2Fwp-content%2Fuploads%2F2013%2F07%2F4f-Dolomiten%E2%80%93Los-Angeles-Festival.jpg&amp;h=230&amp;q=90&amp;f=.jpg\" alt=\"4f Dolomiten\u2013Los Angeles Festival\" width=\"306\" height=\"230\" \/><\/a><p class=\"jig-HTMLdescription\">4f Dolomiten\u2013Los Angeles Festival<\/p><\/li><li><a href=\"https:\/\/www.susyrottonara.com\/wp-content\/uploads\/2013\/07\/4g-Puschtra\u2013Los-Angeles-Festival-767x1024.jpg\"><img decoding=\"async\" src=\"https:\/\/www.susyrottonara.com\/wp-content\/plugins\/justified-image-grid\/timthumb.php?src=https%3A%2F%2Fwww.susyrottonara.com%2Fwp-content%2Fuploads%2F2013%2F07%2F4g-Puschtra%E2%80%93Los-Angeles-Festival-767x1024.jpg&amp;h=230&amp;q=90&amp;f=.jpg\" alt=\"4g Puschtra\u2013Los Angeles Festival\" width=\"172\" height=\"230\" \/><\/a><p class=\"jig-HTMLdescription\">4g Puschtra\u2013Los Angeles Festival<\/p><\/li><li><a href=\"https:\/\/www.susyrottonara.com\/wp-content\/uploads\/2013\/07\/5a-FF\u2013Das-Su\u0308dtiroler-Wochenmagazin-Garden-State-Festival-767x1024.jpg\"><img decoding=\"async\" src=\"https:\/\/www.susyrottonara.com\/wp-content\/plugins\/justified-image-grid\/timthumb.php?src=https%3A%2F%2Fwww.susyrottonara.com%2Fwp-content%2Fuploads%2F2013%2F07%2F5a-FF%E2%80%93Das-Su%CC%88dtiroler-Wochenmagazin-Garden-State-Festival-767x1024.jpg&amp;h=230&amp;q=90&amp;f=.jpg\" alt=\"5a FF\u2013Das Su\u0308dtiroler Wochenmagazin-Garden State Festival\" width=\"172\" height=\"230\" \/><\/a><p class=\"jig-HTMLdescription\">5a FF\u2013Das Su\u0308dtiroler Wochenmagazin-Garden State Festival<\/p><\/li><li><a href=\"https:\/\/www.susyrottonara.com\/wp-content\/uploads\/2013\/07\/5b-Die-Su\u0308dtiroler-Tageszeitung-Garden-State-Festival.jpg\"><img decoding=\"async\" src=\"https:\/\/www.susyrottonara.com\/wp-content\/plugins\/justified-image-grid\/timthumb.php?src=https%3A%2F%2Fwww.susyrottonara.com%2Fwp-content%2Fuploads%2F2013%2F07%2F5b-Die-Su%CC%88dtiroler-Tageszeitung-Garden-State-Festival.jpg&amp;h=230&amp;q=90&amp;f=.jpg\" alt=\"5b Die Su\u0308dtiroler Tageszeitung-Garden State Festival\" width=\"306\" height=\"230\" \/><\/a><p class=\"jig-HTMLdescription\">5b Die Su\u0308dtiroler Tageszeitung-Garden State Festival<\/p><\/li><li><a href=\"https:\/\/www.susyrottonara.com\/wp-content\/uploads\/2013\/07\/5c-La-Usc-di-Ladins-Garden-State-Festival.jpg\"><img decoding=\"async\" src=\"https:\/\/www.susyrottonara.com\/wp-content\/plugins\/justified-image-grid\/timthumb.php?src=https%3A%2F%2Fwww.susyrottonara.com%2Fwp-content%2Fuploads%2F2013%2F07%2F5c-La-Usc-di-Ladins-Garden-State-Festival.jpg&amp;h=230&amp;q=90&amp;f=.jpg\" alt=\"5c La Usc di Ladins-Garden State Festival\" width=\"306\" height=\"230\" \/><\/a><p class=\"jig-HTMLdescription\">5c La Usc di Ladins-Garden State Festival<\/p><\/li><li><a href=\"https:\/\/www.susyrottonara.com\/wp-content\/uploads\/2013\/07\/5d-L\u2019-Adige-Garden-State-Festival.jpg\"><img decoding=\"async\" src=\"https:\/\/www.susyrottonara.com\/wp-content\/plugins\/justified-image-grid\/timthumb.php?src=https%3A%2F%2Fwww.susyrottonara.com%2Fwp-content%2Fuploads%2F2013%2F07%2F5d-L%E2%80%99-Adige-Garden-State-Festival.jpg&amp;h=230&amp;q=90&amp;f=.jpg\" alt=\"5d L\u2019 Adige-Garden State Festival\" width=\"306\" height=\"230\" \/><\/a><p class=\"jig-HTMLdescription\">5d L\u2019 Adige-Garden State Festival<\/p><\/li><li><a href=\"https:\/\/www.susyrottonara.com\/wp-content\/uploads\/2013\/07\/5e-Dolomiten-Garden-State-Festival-767x1024.jpg\"><img decoding=\"async\" src=\"https:\/\/www.susyrottonara.com\/wp-content\/plugins\/justified-image-grid\/timthumb.php?src=https%3A%2F%2Fwww.susyrottonara.com%2Fwp-content%2Fuploads%2F2013%2F07%2F5e-Dolomiten-Garden-State-Festival-767x1024.jpg&amp;h=230&amp;q=90&amp;f=.jpg\" alt=\"5e Dolomiten-Garden State Festival\" width=\"172\" height=\"230\" \/><\/a><p class=\"jig-HTMLdescription\">5e Dolomiten-Garden State Festival<\/p><\/li><li><a href=\"https:\/\/www.susyrottonara.com\/wp-content\/uploads\/2013\/07\/5f-Alto-Adige-Garden-State-Festival.jpg\"><img decoding=\"async\" src=\"https:\/\/www.susyrottonara.com\/wp-content\/plugins\/justified-image-grid\/timthumb.php?src=https%3A%2F%2Fwww.susyrottonara.com%2Fwp-content%2Fuploads%2F2013%2F07%2F5f-Alto-Adige-Garden-State-Festival.jpg&amp;h=230&amp;q=90&amp;f=.jpg\" alt=\"5f Alto Adige-Garden State Festival\" width=\"306\" height=\"230\" \/><\/a><p class=\"jig-HTMLdescription\">5f Alto Adige-Garden State Festival<\/p><\/li><li><a href=\"https:\/\/www.susyrottonara.com\/wp-content\/uploads\/2013\/07\/6a-La-Usc-di-Ladins\u2013Renderyard-Festival-767x1024.jpg\"><img decoding=\"async\" src=\"https:\/\/www.susyrottonara.com\/wp-content\/plugins\/justified-image-grid\/timthumb.php?src=https%3A%2F%2Fwww.susyrottonara.com%2Fwp-content%2Fuploads%2F2013%2F07%2F6a-La-Usc-di-Ladins%E2%80%93Renderyard-Festival-767x1024.jpg&amp;h=230&amp;q=90&amp;f=.jpg\" alt=\"6a La Usc di Ladins\u2013Renderyard Festival\" width=\"172\" height=\"230\" \/><\/a><p class=\"jig-HTMLdescription\">6a La Usc di Ladins\u2013Renderyard Festival<\/p><\/li><li><a href=\"https:\/\/www.susyrottonara.com\/wp-content\/uploads\/2013\/07\/6b-L\u2019-Alto-Adige\u2013Renderyard-Festival.jpg\"><img decoding=\"async\" src=\"https:\/\/www.susyrottonara.com\/wp-content\/plugins\/justified-image-grid\/timthumb.php?src=https%3A%2F%2Fwww.susyrottonara.com%2Fwp-content%2Fuploads%2F2013%2F07%2F6b-L%E2%80%99-Alto-Adige%E2%80%93Renderyard-Festival.jpg&amp;h=230&amp;q=90&amp;f=.jpg\" alt=\"6b L\u2019 Alto Adige\u2013Renderyard Festival\" width=\"306\" height=\"230\" \/><\/a><p class=\"jig-HTMLdescription\">6b L\u2019 Alto Adige\u2013Renderyard Festival<\/p><\/li><li><a href=\"https:\/\/www.susyrottonara.com\/wp-content\/uploads\/2013\/07\/6d-L\u2019-Adige\u2013Renderyard-Festival-767x1024.jpg\"><img decoding=\"async\" src=\"https:\/\/www.susyrottonara.com\/wp-content\/plugins\/justified-image-grid\/timthumb.php?src=https%3A%2F%2Fwww.susyrottonara.com%2Fwp-content%2Fuploads%2F2013%2F07%2F6d-L%E2%80%99-Adige%E2%80%93Renderyard-Festival-767x1024.jpg&amp;h=230&amp;q=90&amp;f=.jpg\" alt=\"6d L\u2019 Adige\u2013Renderyard Festival\" width=\"172\" height=\"230\" \/><\/a><p class=\"jig-HTMLdescription\">6d L\u2019 Adige\u2013Renderyard Festival<\/p><\/li><li><a href=\"https:\/\/www.susyrottonara.com\/wp-content\/uploads\/2013\/07\/7a-Alto-Adige\u2013Rotary-767x1024.jpg\"><img decoding=\"async\" src=\"https:\/\/www.susyrottonara.com\/wp-content\/plugins\/justified-image-grid\/timthumb.php?src=https%3A%2F%2Fwww.susyrottonara.com%2Fwp-content%2Fuploads%2F2013%2F07%2F7a-Alto-Adige%E2%80%93Rotary-767x1024.jpg&amp;h=230&amp;q=90&amp;f=.jpg\" alt=\"7a Alto Adige\u2013Rotary\" width=\"172\" height=\"230\" \/><\/a><p class=\"jig-HTMLdescription\">7a Alto Adige\u2013Rotary<\/p><\/li><li><a href=\"https:\/\/www.susyrottonara.com\/wp-content\/uploads\/2013\/07\/7b-Alto-Adige\u2013Rotary.jpg\"><img decoding=\"async\" src=\"https:\/\/www.susyrottonara.com\/wp-content\/plugins\/justified-image-grid\/timthumb.php?src=https%3A%2F%2Fwww.susyrottonara.com%2Fwp-content%2Fuploads%2F2013%2F07%2F7b-Alto-Adige%E2%80%93Rotary.jpg&amp;h=230&amp;q=90&amp;f=.jpg\" alt=\"7b Alto Adige\u2013Rotary\" width=\"306\" height=\"230\" \/><\/a><p class=\"jig-HTMLdescription\">7b Alto Adige\u2013Rotary<\/p><\/li><\/ul><\/noscript><\/div>\n<\/div><div class=\"fusion-clearfix\"><\/div><\/div><\/div><\/div><style type=\"text\/css\">.fusion-fullwidth.fusion-builder-row-1 { overflow:visible; }<\/style><\/div>\n","protected":false},"excerpt":{"rendered":"","protected":false},"author":3,"featured_media":6816,"comment_status":"closed","ping_status":"closed","sticky":false,"template":"","format":"standard","meta":{"footnotes":""},"categories":[41],"tags":[],"class_list":["post-4712","post","type-post","status-publish","format-standard","has-post-thumbnail","hentry","category-press-en"],"yoast_head":"<!-- This site is optimized with the Yoast SEO plugin v25.8 - https:\/\/yoast.com\/wordpress\/plugins\/seo\/ -->\n<title>Press Awards - Susy Rottonara<\/title>\n<meta name=\"robots\" content=\"index, follow, max-snippet:-1, max-image-preview:large, max-video-preview:-1\" \/>\n<link rel=\"canonical\" href=\"https:\/\/www.susyrottonara.com\/en\/press-awards\" \/>\n<meta property=\"og:locale\" content=\"en_US\" \/>\n<meta property=\"og:type\" content=\"article\" \/>\n<meta property=\"og:title\" content=\"Press Awards - Susy Rottonara\" \/>\n<meta property=\"og:url\" content=\"https:\/\/www.susyrottonara.com\/en\/press-awards\" \/>\n<meta property=\"og:site_name\" content=\"Susy Rottonara\" \/>\n<meta property=\"article:published_time\" content=\"2013-07-08T12:22:10+00:00\" \/>\n<meta property=\"article:modified_time\" content=\"2024-02-15T15:14:10+00:00\" \/>\n<meta property=\"og:image\" content=\"https:\/\/www.susyrottonara.com\/wp-content\/uploads\/2013\/07\/foto-identificativa-premi-e1373295874372.jpg\" \/>\n\t<meta property=\"og:image:width\" content=\"474\" \/>\n\t<meta property=\"og:image:height\" content=\"326\" \/>\n\t<meta property=\"og:image:type\" content=\"image\/jpeg\" \/>\n<meta name=\"author\" content=\"ADVstudio.it\" \/>\n<meta name=\"twitter:card\" content=\"summary_large_image\" \/>\n<meta name=\"twitter:label1\" content=\"Written by\" \/>\n\t<meta name=\"twitter:data1\" content=\"ADVstudio.it\" \/>\n\t<meta name=\"twitter:label2\" content=\"Est. reading time\" \/>\n\t<meta name=\"twitter:data2\" content=\"2 minutes\" \/>\n<script type=\"application\/ld+json\" class=\"yoast-schema-graph\">{\"@context\":\"https:\/\/schema.org\",\"@graph\":[{\"@type\":\"WebPage\",\"@id\":\"https:\/\/www.susyrottonara.com\/en\/press-awards\",\"url\":\"https:\/\/www.susyrottonara.com\/en\/press-awards\",\"name\":\"Press Awards - Susy Rottonara\",\"isPartOf\":{\"@id\":\"https:\/\/www.susyrottonara.com\/#website\"},\"primaryImageOfPage\":{\"@id\":\"https:\/\/www.susyrottonara.com\/en\/press-awards#primaryimage\"},\"image\":{\"@id\":\"https:\/\/www.susyrottonara.com\/en\/press-awards#primaryimage\"},\"thumbnailUrl\":\"https:\/\/www.susyrottonara.com\/wp-content\/uploads\/2013\/07\/foto-identificativa-premi-e1373295874372.jpg\",\"datePublished\":\"2013-07-08T12:22:10+00:00\",\"dateModified\":\"2024-02-15T15:14:10+00:00\",\"author\":{\"@id\":\"https:\/\/www.susyrottonara.com\/#\/schema\/person\/c715f5641b214137cef5e376caae214e\"},\"breadcrumb\":{\"@id\":\"https:\/\/www.susyrottonara.com\/en\/press-awards#breadcrumb\"},\"inLanguage\":\"en-US\",\"potentialAction\":[{\"@type\":\"ReadAction\",\"target\":[\"https:\/\/www.susyrottonara.com\/en\/press-awards\"]}]},{\"@type\":\"ImageObject\",\"inLanguage\":\"en-US\",\"@id\":\"https:\/\/www.susyrottonara.com\/en\/press-awards#primaryimage\",\"url\":\"https:\/\/www.susyrottonara.com\/wp-content\/uploads\/2013\/07\/foto-identificativa-premi-e1373295874372.jpg\",\"contentUrl\":\"https:\/\/www.susyrottonara.com\/wp-content\/uploads\/2013\/07\/foto-identificativa-premi-e1373295874372.jpg\",\"width\":474,\"height\":326},{\"@type\":\"BreadcrumbList\",\"@id\":\"https:\/\/www.susyrottonara.com\/en\/press-awards#breadcrumb\",\"itemListElement\":[{\"@type\":\"ListItem\",\"position\":1,\"name\":\"Home\",\"item\":\"https:\/\/www.susyrottonara.com\/en\"},{\"@type\":\"ListItem\",\"position\":2,\"name\":\"Press Awards\"}]},{\"@type\":\"WebSite\",\"@id\":\"https:\/\/www.susyrottonara.com\/#website\",\"url\":\"https:\/\/www.susyrottonara.com\/\",\"name\":\"Susy Rottonara\",\"description\":\"\",\"potentialAction\":[{\"@type\":\"SearchAction\",\"target\":{\"@type\":\"EntryPoint\",\"urlTemplate\":\"https:\/\/www.susyrottonara.com\/?s={search_term_string}\"},\"query-input\":{\"@type\":\"PropertyValueSpecification\",\"valueRequired\":true,\"valueName\":\"search_term_string\"}}],\"inLanguage\":\"en-US\"},{\"@type\":\"Person\",\"@id\":\"https:\/\/www.susyrottonara.com\/#\/schema\/person\/c715f5641b214137cef5e376caae214e\",\"name\":\"ADVstudio.it\",\"image\":{\"@type\":\"ImageObject\",\"inLanguage\":\"en-US\",\"@id\":\"https:\/\/www.susyrottonara.com\/#\/schema\/person\/image\/\",\"url\":\"https:\/\/secure.gravatar.com\/avatar\/81343315bb736757eb81d938e3344500c1f5cecbccf523d6f0a63b92a06b6ef5?s=96&d=mm&r=g\",\"contentUrl\":\"https:\/\/secure.gravatar.com\/avatar\/81343315bb736757eb81d938e3344500c1f5cecbccf523d6f0a63b92a06b6ef5?s=96&d=mm&r=g\",\"caption\":\"ADVstudio.it\"},\"sameAs\":[\"http:\/\/www.advstudio.it\"],\"url\":\"https:\/\/www.susyrottonara.com\/en\/author\/advstudio-it\"}]}<\/script>\n<!-- \/ Yoast SEO plugin. -->","yoast_head_json":{"title":"Press Awards - Susy Rottonara","robots":{"index":"index","follow":"follow","max-snippet":"max-snippet:-1","max-image-preview":"max-image-preview:large","max-video-preview":"max-video-preview:-1"},"canonical":"https:\/\/www.susyrottonara.com\/en\/press-awards","og_locale":"en_US","og_type":"article","og_title":"Press Awards - Susy Rottonara","og_url":"https:\/\/www.susyrottonara.com\/en\/press-awards","og_site_name":"Susy Rottonara","article_published_time":"2013-07-08T12:22:10+00:00","article_modified_time":"2024-02-15T15:14:10+00:00","og_image":[{"width":474,"height":326,"url":"https:\/\/www.susyrottonara.com\/wp-content\/uploads\/2013\/07\/foto-identificativa-premi-e1373295874372.jpg","type":"image\/jpeg"}],"author":"ADVstudio.it","twitter_card":"summary_large_image","twitter_misc":{"Written by":"ADVstudio.it","Est. reading time":"2 minutes"},"schema":{"@context":"https:\/\/schema.org","@graph":[{"@type":"WebPage","@id":"https:\/\/www.susyrottonara.com\/en\/press-awards","url":"https:\/\/www.susyrottonara.com\/en\/press-awards","name":"Press Awards - Susy Rottonara","isPartOf":{"@id":"https:\/\/www.susyrottonara.com\/#website"},"primaryImageOfPage":{"@id":"https:\/\/www.susyrottonara.com\/en\/press-awards#primaryimage"},"image":{"@id":"https:\/\/www.susyrottonara.com\/en\/press-awards#primaryimage"},"thumbnailUrl":"https:\/\/www.susyrottonara.com\/wp-content\/uploads\/2013\/07\/foto-identificativa-premi-e1373295874372.jpg","datePublished":"2013-07-08T12:22:10+00:00","dateModified":"2024-02-15T15:14:10+00:00","author":{"@id":"https:\/\/www.susyrottonara.com\/#\/schema\/person\/c715f5641b214137cef5e376caae214e"},"breadcrumb":{"@id":"https:\/\/www.susyrottonara.com\/en\/press-awards#breadcrumb"},"inLanguage":"en-US","potentialAction":[{"@type":"ReadAction","target":["https:\/\/www.susyrottonara.com\/en\/press-awards"]}]},{"@type":"ImageObject","inLanguage":"en-US","@id":"https:\/\/www.susyrottonara.com\/en\/press-awards#primaryimage","url":"https:\/\/www.susyrottonara.com\/wp-content\/uploads\/2013\/07\/foto-identificativa-premi-e1373295874372.jpg","contentUrl":"https:\/\/www.susyrottonara.com\/wp-content\/uploads\/2013\/07\/foto-identificativa-premi-e1373295874372.jpg","width":474,"height":326},{"@type":"BreadcrumbList","@id":"https:\/\/www.susyrottonara.com\/en\/press-awards#breadcrumb","itemListElement":[{"@type":"ListItem","position":1,"name":"Home","item":"https:\/\/www.susyrottonara.com\/en"},{"@type":"ListItem","position":2,"name":"Press Awards"}]},{"@type":"WebSite","@id":"https:\/\/www.susyrottonara.com\/#website","url":"https:\/\/www.susyrottonara.com\/","name":"Susy Rottonara","description":"","potentialAction":[{"@type":"SearchAction","target":{"@type":"EntryPoint","urlTemplate":"https:\/\/www.susyrottonara.com\/?s={search_term_string}"},"query-input":{"@type":"PropertyValueSpecification","valueRequired":true,"valueName":"search_term_string"}}],"inLanguage":"en-US"},{"@type":"Person","@id":"https:\/\/www.susyrottonara.com\/#\/schema\/person\/c715f5641b214137cef5e376caae214e","name":"ADVstudio.it","image":{"@type":"ImageObject","inLanguage":"en-US","@id":"https:\/\/www.susyrottonara.com\/#\/schema\/person\/image\/","url":"https:\/\/secure.gravatar.com\/avatar\/81343315bb736757eb81d938e3344500c1f5cecbccf523d6f0a63b92a06b6ef5?s=96&d=mm&r=g","contentUrl":"https:\/\/secure.gravatar.com\/avatar\/81343315bb736757eb81d938e3344500c1f5cecbccf523d6f0a63b92a06b6ef5?s=96&d=mm&r=g","caption":"ADVstudio.it"},"sameAs":["http:\/\/www.advstudio.it"],"url":"https:\/\/www.susyrottonara.com\/en\/author\/advstudio-it"}]}},"_links":{"self":[{"href":"https:\/\/www.susyrottonara.com\/en\/wp-json\/wp\/v2\/posts\/4712","targetHints":{"allow":["GET"]}}],"collection":[{"href":"https:\/\/www.susyrottonara.com\/en\/wp-json\/wp\/v2\/posts"}],"about":[{"href":"https:\/\/www.susyrottonara.com\/en\/wp-json\/wp\/v2\/types\/post"}],"author":[{"embeddable":true,"href":"https:\/\/www.susyrottonara.com\/en\/wp-json\/wp\/v2\/users\/3"}],"replies":[{"embeddable":true,"href":"https:\/\/www.susyrottonara.com\/en\/wp-json\/wp\/v2\/comments?post=4712"}],"version-history":[{"count":10,"href":"https:\/\/www.susyrottonara.com\/en\/wp-json\/wp\/v2\/posts\/4712\/revisions"}],"predecessor-version":[{"id":10118,"href":"https:\/\/www.susyrottonara.com\/en\/wp-json\/wp\/v2\/posts\/4712\/revisions\/10118"}],"wp:featuredmedia":[{"embeddable":true,"href":"https:\/\/www.susyrottonara.com\/en\/wp-json\/wp\/v2\/media\/6816"}],"wp:attachment":[{"href":"https:\/\/www.susyrottonara.com\/en\/wp-json\/wp\/v2\/media?parent=4712"}],"wp:term":[{"taxonomy":"category","embeddable":true,"href":"https:\/\/www.susyrottonara.com\/en\/wp-json\/wp\/v2\/categories?post=4712"},{"taxonomy":"post_tag","embeddable":true,"href":"https:\/\/www.susyrottonara.com\/en\/wp-json\/wp\/v2\/tags?post=4712"}],"curies":[{"name":"wp","href":"https:\/\/api.w.org\/{rel}","templated":true}]}}